{"id":38698,"date":"2023-06-25T09:48:25","date_gmt":"2023-06-25T14:48:25","guid":{"rendered":"http:\/\/contraluzcucuta.co\/?p=38698"},"modified":"2023-06-25T09:48:25","modified_gmt":"2023-06-25T14:48:25","slug":"servicio-jesuita-de-refugiados-3500-migrantes-refugiados-y-victimas-del-conflicto-cuentan-con-empleo-formal-en-colombia","status":"publish","type":"post","link":"https:\/\/contraluzcucuta.co\/?p=38698","title":{"rendered":"SERVICIO JESUITA DE REFUGIADOS. 3500 migrantes, refugiados y v\u00edctimas del conflicto cuentan con empleo formal en Colombia"},"content":{"rendered":"<p style=\"padding-left: 40px; text-align: right;\"><strong><span style=\"color: #ff9900;\">BOGOT\u00c1.- En la celebraci\u00f3n del D\u00eda Internacional del Refugiado, Gobierno, empresarios, cajas de compensaci\u00f3n, SENA, Pontificia Universidad Javeriana y otras instituciones de educaci\u00f3n superior, Ministerio de Trabajo y Servicio P\u00fablico de Empleo se dieron cita en Bogot\u00e1, en el evento Construyendo Tejido Empresarial: la migraci\u00f3n como valor agregado. La actividad fue organizada por el Servicio Jesuita de Refugiados para elaborar la ruta de trabajo que transforme a la poblaci\u00f3n migrante en Colombia en fuerza laboral activa.<\/span><\/strong><\/p>\n<p>\u201cBuscamos construir un tejido empresarial con migrantes. Colombia es un pa\u00eds hospitalario y esa caracter\u00edstica puede materializarse en formas como la empleabilidad y m\u00e1s impulso a la econom\u00eda nacional con nueva fuerza laboral calificada\u201d, afirm\u00f3 Juan Enrique Casas, director del Servicio Jesuita de Refugiados (JRS).<\/p>\n<p>A hoy, se han ubicado 3500 migrantes, refugiados y v\u00edctimas del conflicto en empleos con condiciones dignas. \u201cDesde el JRS ayudamos al migrante en la convalidaci\u00f3n de sus t\u00edtulos, de la mano de la legislaci\u00f3n y con la apertura de la frontera, y de relaciones diplom\u00e1ticas, estos tr\u00e1mites se han empezado a facilitar\u201d, dijo Casas.<\/p>\n<p>A\u00fan existen personas que desconocen el proceso y es ah\u00ed donde entra el Servicio con labores informativas, de acompa\u00f1amiento e intermediaci\u00f3n con las empresas para que los puedan vincular laboralmente como personal calificado.<\/p>\n<p>Ana Mar\u00eda Almario, directora encargada del Servicio P\u00fablico de Empleo, invit\u00f3 a los migrantes interesados en una oportunidad de trabajo a que se acerquen a la entidad. \u201cCajas de compensaci\u00f3n en Bogot\u00e1 o en Cundinamarca como Compensar, Cafam, Colsubsidio, entre otras, tienen agencias de empleo que le brindan la oportunidad a cualquier persona, migrante o no, de acceder a ofertas laborales interesantes\u201d.<\/p>\n<p>\u201cCon nosotros la poblaci\u00f3n migrante puede publicar de manera atractiva su hoja de vida y acceder a otras oportunidades como oferta formativa por parte del SENA y acompa\u00f1amiento para acreditar sus competencias laborales\u201d, resalt\u00f3 Almario. Adicional, pueden convalidar t\u00edtulos profesionales mediante el programa Saber Hacer Vale, que certifica competencias y les permite acceder a oportunidades de empleo en el pa\u00eds.<\/p>\n<p>Judy Viviana Caldas, directora de Movilidad y Formaci\u00f3n para el Trabajo del Ministerio de Trabajo, enfatiz\u00f3 que desde la cartera se cuenta con el Registro \u00danico de Trabajadores, con el que se busca que la poblaci\u00f3n migrante sea formalizada y tenga garant\u00edas laborales. \u201cEstamos en la construcci\u00f3n, con la Inspecci\u00f3n de vigilancia y control del Ministerio, de un protocolo que nos permita a trav\u00e9s de inspectores de trabajo hacer unas actas que nos permitan valorar cu\u00e1les son las condiciones de los trabajadores migrantes y detectar cu\u00e1les son esas necesidades y oportunidades de mejora\u201d.<\/p>\n","protected":false},"excerpt":{"rendered":"<p>BOGOT\u00c1.- En la celebraci\u00f3n del D\u00eda Internacional del Refugiado, Gobierno, empresarios, cajas de compensaci\u00f3n, SENA, Pontificia Universidad Javeriana y otras instituciones de educaci\u00f3n superior, Ministerio de Trabajo y Servicio P\u00fablico de Empleo se dieron cita en Bogot\u00e1, en el evento Construyendo Tejido Empresarial: la migraci\u00f3n como valor agregado. La actividad fue organizada por el Servicio &hellip;<\/p>\n","protected":false},"author":1,"featured_media":38699,"comment_status":"open","ping_status":"open","sticky":false,"template":"","format":"standard","meta":{"footnotes":""},"categories":[4,39],"tags":[5632,5630,5631],"class_list":["post-38698","post","type-post","status-publish","format-standard","has-post-thumbnail","hentry","category-barra","category-miradas-ajenas","tag-dia-internacional-del-refugiado","tag-servicio-jesuita-de-refugiados","tag-servicio-publico-de-empleo"],"_links":{"self":[{"href":"https:\/\/contraluzcucuta.co\/index.php?rest_route=\/wp\/v2\/posts\/38698","targetHints":{"allow":["GET"]}}],"collection":[{"href":"https:\/\/contraluzcucuta.co\/index.php?rest_route=\/wp\/v2\/posts"}],"about":[{"href":"https:\/\/contraluzcucuta.co\/index.php?rest_route=\/wp\/v2\/types\/post"}],"author":[{"embeddable":true,"href":"https:\/\/contraluzcucuta.co\/index.php?rest_route=\/wp\/v2\/users\/1"}],"replies":[{"embeddable":true,"href":"https:\/\/contraluzcucuta.co\/index.php?rest_route=%2Fwp%2Fv2%2Fcomments&post=38698"}],"version-history":[{"count":1,"href":"https:\/\/contraluzcucuta.co\/index.php?rest_route=\/wp\/v2\/posts\/38698\/revisions"}],"predecessor-version":[{"id":38700,"href":"https:\/\/contraluzcucuta.co\/index.php?rest_route=\/wp\/v2\/posts\/38698\/revisions\/38700"}],"wp:featuredmedia":[{"embeddable":true,"href":"https:\/\/contraluzcucuta.co\/index.php?rest_route=\/wp\/v2\/media\/38699"}],"wp:attachment":[{"href":"https:\/\/contraluzcucuta.co\/index.php?rest_route=%2Fwp%2Fv2%2Fmedia&parent=38698"}],"wp:term":[{"taxonomy":"category","embeddable":true,"href":"https:\/\/contraluzcucuta.co\/index.php?rest_route=%2Fwp%2Fv2%2Fcategories&post=38698"},{"taxonomy":"post_tag","embeddable":true,"href":"https:\/\/contraluzcucuta.co\/index.php?rest_route=%2Fwp%2Fv2%2Ftags&post=38698"}],"curies":[{"name":"wp","href":"https:\/\/api.w.org\/{rel}","templated":true}]}}