{"id":38690,"date":"2023-06-22T10:22:05","date_gmt":"2023-06-22T15:22:05","guid":{"rendered":"http:\/\/contraluzcucuta.co\/?p=38690"},"modified":"2023-06-25T11:41:26","modified_gmt":"2023-06-25T16:41:26","slug":"cronica-ligera-15-anos-despues-el-recuerdo-se-mantiene-intacto","status":"publish","type":"post","link":"https:\/\/contraluzcucuta.co\/?p=38690","title":{"rendered":"CR\u00d3NICA LIGERA. 15 a\u00f1os despu\u00e9s, el recuerdo se mantiene intacto"},"content":{"rendered":"<p style=\"padding-left: 40px; text-align: right;\"><strong><span style=\"color: #ff9900;\">C\u00daCUTA.- Cierto d\u00eda, una mujer vino al mundo a cumplir un objetivo. \u00a0Y a fe que lo cumpli\u00f3. Naci\u00f3 en un pueblito escondido entre las monta\u00f1as y aromatizado por el caf\u00e9. \u00a0El verdor de los \u00e1rboles y el gris de las nubes se conjugaban para transmitir alegr\u00eda. \u00a0No hab\u00eda odios ni rencores.<\/span><\/strong><\/p>\n<p style=\"padding-left: 40px;\">La peque\u00f1a, pronto, qued\u00f3 a merced de Dios y creci\u00f3 en un hogar ajeno. \u00a0De la orfandad tom\u00f3 prestados a los muchachos con los que comparti\u00f3 la juventud. \u00a0La cuidaron y la vieron convertirse en mujer.<\/p>\n<p>\u00a0La violencia partidista la tir\u00f3 duro de los cabellos y la separ\u00f3 de los seres amados. \u00a0Las cruces en la vereda daban testimonio de la crueldad pol\u00edtica. \u00a0Ahora, deb\u00eda ponerle la cara a ese destino que la llam\u00f3 para servirles a los enfermos hospitalizados. Cumpli\u00f3 el apostolado con verdadero amor al pr\u00f3jimo.<\/p>\n<p>La naturaleza, esa que le dio la vida, quiso ponerla a prueba y sali\u00f3 inc\u00f3lume del terremoto que destruy\u00f3 a su pueblito. \u00a0Fue un momento dif\u00edcil del que emergi\u00f3 triunfante y como triunfadora. \u00a0El parquecito da testimonio de lo vivido y lo compartido con los paisanos desvalidos.<\/p>\n<p>Le lleg\u00f3 la hora de consentir el amor y compartir los d\u00edas con el hombre que conquist\u00f3 su coraz\u00f3n y la despos\u00f3. \u00a0Esa entrega dio frutos y est\u00e1 reflejada en los tres hijos que vinieron al mundo y son vestigio vivo de su paso por la tierra.<\/p>\n<p>En busca de un mejor vivir para los ni\u00f1os, dej\u00f3 atr\u00e1s, sin mirar, el pueblito natal para descubrir la mara\u00f1a citadina. El pasado no fue tormento, sino apoyo para avanzar en el cumplimiento de otro designio. Y comenz\u00f3 a labrar sue\u00f1os con fortaleza y tes\u00f3n.<\/p>\n<p>No sinti\u00f3 miedo humano. Cada d\u00eda se aferraba al temor a Dios y se apegaba a la fe para continuar el recorrido por la vida. En el barrio donde levant\u00f3 el hogar<\/p>\n<p>fue esposa y madre, madrina y comadre, amiga y confidente, partera y enfermera.<\/p>\n<p>Comparti\u00f3 con seres humildes y sin tener m\u00e1s que nadie sobresali\u00f3 por las virtudes humanas que despleg\u00f3. La sonrisa era buena paga por los servicios prestados, a pesar de las necesidades evidentes en casa. La pobreza era latiente en esa comunidad que hoy la recuerda con aprecio.<\/p>\n<p>Van a cumplirse 107 a\u00f1os desde cuando se escuch\u00f3 su primer llanto. Y han pasado 180 meses desde el momento que dijo adi\u00f3s para siempre. Fueron 33.580 d\u00edas suficientes para dejar huella y hacer que su imagen sea perenne entre una comunidad que la recibi\u00f3 en medio de las dificultades materiales.<\/p>\n<p>Nunca se la escuch\u00f3 quejarse, ni reclamar ante el Creador. Solo dobleg\u00f3 la cabeza en se\u00f1al de obediencia. As\u00ed vivi\u00f3 aquella ni\u00f1a que naci\u00f3 en Arboledas, comparti\u00f3 en el barrio Bel\u00e9n y muri\u00f3 en C\u00facuta. Un d\u00eda la bautizaron Hermelina y a su apellido materno Laguado le agreg\u00f3 el Pab\u00f3n de su esposo.<\/p>\n<p><strong>RAFAEL ANTONIO PAB\u00d3N<\/strong><\/p>\n<p><strong><a href=\"mailto:rafaelpabon58@hotmail.com\">rafaelpabon58@hotmail.com<\/a><\/strong><\/p>\n","protected":false},"excerpt":{"rendered":"<p>C\u00daCUTA.- Cierto d\u00eda, una mujer vino al mundo a cumplir un objetivo. \u00a0Y a fe que lo cumpli\u00f3. Naci\u00f3 en un pueblito escondido entre las monta\u00f1as y aromatizado por el caf\u00e9. \u00a0El verdor de los \u00e1rboles y el gris de las nubes se conjugaban para transmitir alegr\u00eda. \u00a0No hab\u00eda odios ni rencores. La peque\u00f1a, pronto, &hellip;<\/p>\n","protected":false},"author":1,"featured_media":38691,"comment_status":"open","ping_status":"open","sticky":false,"template":"","format":"standard","meta":{"footnotes":""},"categories":[10,3691,45,4],"tags":[5407,5628],"class_list":["post-38690","post","type-post","status-publish","format-standard","has-post-thumbnail","hentry","category-cronicas","category-cronicas-en-mi-menor","category-destacado","category-barra","tag-cronica-ligera","tag-homenaje-a-mama"],"_links":{"self":[{"href":"https:\/\/contraluzcucuta.co\/index.php?rest_route=\/wp\/v2\/posts\/38690","targetHints":{"allow":["GET"]}}],"collection":[{"href":"https:\/\/contraluzcucuta.co\/index.php?rest_route=\/wp\/v2\/posts"}],"about":[{"href":"https:\/\/contraluzcucuta.co\/index.php?rest_route=\/wp\/v2\/types\/post"}],"author":[{"embeddable":true,"href":"https:\/\/contraluzcucuta.co\/index.php?rest_route=\/wp\/v2\/users\/1"}],"replies":[{"embeddable":true,"href":"https:\/\/contraluzcucuta.co\/index.php?rest_route=%2Fwp%2Fv2%2Fcomments&post=38690"}],"version-history":[{"count":1,"href":"https:\/\/contraluzcucuta.co\/index.php?rest_route=\/wp\/v2\/posts\/38690\/revisions"}],"predecessor-version":[{"id":38692,"href":"https:\/\/contraluzcucuta.co\/index.php?rest_route=\/wp\/v2\/posts\/38690\/revisions\/38692"}],"wp:featuredmedia":[{"embeddable":true,"href":"https:\/\/contraluzcucuta.co\/index.php?rest_route=\/wp\/v2\/media\/38691"}],"wp:attachment":[{"href":"https:\/\/contraluzcucuta.co\/index.php?rest_route=%2Fwp%2Fv2%2Fmedia&parent=38690"}],"wp:term":[{"taxonomy":"category","embeddable":true,"href":"https:\/\/contraluzcucuta.co\/index.php?rest_route=%2Fwp%2Fv2%2Fcategories&post=38690"},{"taxonomy":"post_tag","embeddable":true,"href":"https:\/\/contraluzcucuta.co\/index.php?rest_route=%2Fwp%2Fv2%2Ftags&post=38690"}],"curies":[{"name":"wp","href":"https:\/\/api.w.org\/{rel}","templated":true}]}}