{"id":38683,"date":"2023-06-11T16:44:01","date_gmt":"2023-06-11T21:44:01","guid":{"rendered":"http:\/\/contraluzcucuta.co\/?p=38683"},"modified":"2023-06-11T16:44:01","modified_gmt":"2023-06-11T21:44:01","slug":"sip-condena-a-estigmatizacion-de-periodistas-en-colombia-y-argentina","status":"publish","type":"post","link":"https:\/\/contraluzcucuta.co\/?p=38683","title":{"rendered":"SIP. Condena a estigmatizaci\u00f3n de periodistas en Colombia y Argentina"},"content":{"rendered":"<p style=\"text-align: right;\"><strong><span style=\"color: #ff9900;\">MIAMI.\u2013 La Sociedad Interamericana de Prensa (SIP) inst\u00f3 a los presidentes de Colombia, Gustavo Petro, y de Argentina, Alberto Fern\u00e1ndez, a frenar el discurso estigmatizante contra periodistas y medios de comunicaci\u00f3n, recordando que la desaprobaci\u00f3n desde el poder puede incentivar la violencia contra la prensa.<\/span><\/strong><\/p>\n<p>El presidente de la SIP, Michael Greenspon, director global de Licencias e Innovaci\u00f3n de Impresi\u00f3n de The New York Times, expres\u00f3 que los l\u00edderes de cada pa\u00eds deben ser m\u00e1s responsables de sus actos y palabras. \u201cAcabamos de experimentar en Colombia c\u00f3mo el discurso sancionador se transform\u00f3 en hechos de violencia. Creo que esto nos debe invitar a todos a una profunda reflexi\u00f3n\u201d.<\/p>\n<p>En marchas progubernamentales en Bogot\u00e1, Medell\u00edn y Barranquilla, cinco periodistas de RCN Radio, Blu Radio y Caracol Radio fueron agredidos por manifestantes. Desde el principio de su presidencia, Petro ha venido condenando a la prensa, y en d\u00edas recientes lo reiter\u00f3 luego de informaciones sobre dineros irregulares en su campa\u00f1a electoral denunciados por un exembajador colombiano en Venezuela.<\/p>\n<p>En su evaluaci\u00f3n semestral de abril sobre Colombia, la SIP expres\u00f3 preocupaci\u00f3n por los mensajes estigmatizantes y reproches del presidente Petro en contra de medios y periodistas, a los que consider\u00f3 \u201cpotenciales generadores de odio\u201d.<\/p>\n<figure id=\"attachment_38685\" aria-describedby=\"caption-attachment-38685\" style=\"width: 300px\" class=\"wp-caption alignleft\"><a href=\"https:\/\/contraluzcucuta.co\/wp-content\/uploads\/2023\/06\/MORDAZA-A-LA-PRENSA-2.jpg\"><img loading=\"lazy\" decoding=\"async\" class=\"size-medium wp-image-38685\" src=\"https:\/\/contraluzcucuta.co\/wp-content\/uploads\/2023\/06\/MORDAZA-A-LA-PRENSA-2-300x169.jpg\" alt=\"\" width=\"300\" height=\"169\" srcset=\"https:\/\/contraluzcucuta.co\/wp-content\/uploads\/2023\/06\/MORDAZA-A-LA-PRENSA-2-300x169.jpg 300w, https:\/\/contraluzcucuta.co\/wp-content\/uploads\/2023\/06\/MORDAZA-A-LA-PRENSA-2-600x338.jpg 600w, https:\/\/contraluzcucuta.co\/wp-content\/uploads\/2023\/06\/MORDAZA-A-LA-PRENSA-2.jpg 643w\" sizes=\"auto, (max-width: 300px) 100vw, 300px\" \/><\/a><figcaption id=\"caption-attachment-38685\" class=\"wp-caption-text\"><em>Foto: Plataforma en Defensa de la Libertad de Informaci\u00f3n<\/em><\/figcaption><\/figure>\n<p>El presidente de la Comisi\u00f3n de Libertad de Prensa e Informaci\u00f3n, Carlos Jornet, director period\u00edstico de La Voz del Interior, de Argentina, dijo: \u201cNo se trata de dar un cheque en blanco a los periodistas ni que se proh\u00edba criticarlos, pero las autoridades deben evitar sus insultos, ya que se trata de apolog\u00eda de la violencia\u201d.<\/p>\n<p>Esta semana en Argentina, en v\u00edsperas de la celebraci\u00f3n del D\u00eda del Periodista, el presidente Alberto Fern\u00e1ndez justific\u00f3 la descalificaci\u00f3n en contra de la prensa. Dijo: \u201cSe miente, se difama, se injuria, pero nosotros no reaccionamos, y confiamos en que la ciudadan\u00eda descubra quien es el difamador, el mentiroso, quien es el periodista corrupto que recibe plata para decir lo que dice\u201d.<\/p>\n<p>Los directivos de la SIP recordaron el reciente fallo de la Corte Constitucional de Costa Rica contra el presidente Rodrigo Chaves por atacar verbalmente a periodistas durante una conferencia de prensa en enero, a los que llam\u00f3 \u201csicarios pol\u00edticos\u201d. La Corte de ese pa\u00eds se\u00f1al\u00f3 que &#8220;ciertas expresiones y vocablos usados por los funcionarios no se justifican y s\u00ed constituyen un exceso, por lo que podr\u00edan promover el hostigamiento contra los medios y periodistas aludidos\u201d.<\/p>\n<p>La estigmatizaci\u00f3n, se\u00f1ala la Relator\u00eda Especial para la Libertad de Expresi\u00f3n de la Comisi\u00f3n Interamericana de Derechos Humanos, genera \u201cun clima que impide una deliberaci\u00f3n razonable y plural sobre todos los asuntos p\u00fablicos\u201d.<\/p>\n","protected":false},"excerpt":{"rendered":"<p>MIAMI.\u2013 La Sociedad Interamericana de Prensa (SIP) inst\u00f3 a los presidentes de Colombia, Gustavo Petro, y de Argentina, Alberto Fern\u00e1ndez, a frenar el discurso estigmatizante contra periodistas y medios de comunicaci\u00f3n, recordando que la desaprobaci\u00f3n desde el poder puede incentivar la violencia contra la prensa. El presidente de la SIP, Michael Greenspon, director global de &hellip;<\/p>\n","protected":false},"author":1,"featured_media":38684,"comment_status":"open","ping_status":"open","sticky":false,"template":"","format":"standard","meta":{"footnotes":""},"categories":[45,4,39],"tags":[5627,5517,646],"class_list":["post-38683","post","type-post","status-publish","format-standard","has-post-thumbnail","hentry","category-destacado","category-barra","category-miradas-ajenas","tag-mordaza-a-la-prensa","tag-presidente-petro","tag-sip"],"_links":{"self":[{"href":"https:\/\/contraluzcucuta.co\/index.php?rest_route=\/wp\/v2\/posts\/38683","targetHints":{"allow":["GET"]}}],"collection":[{"href":"https:\/\/contraluzcucuta.co\/index.php?rest_route=\/wp\/v2\/posts"}],"about":[{"href":"https:\/\/contraluzcucuta.co\/index.php?rest_route=\/wp\/v2\/types\/post"}],"author":[{"embeddable":true,"href":"https:\/\/contraluzcucuta.co\/index.php?rest_route=\/wp\/v2\/users\/1"}],"replies":[{"embeddable":true,"href":"https:\/\/contraluzcucuta.co\/index.php?rest_route=%2Fwp%2Fv2%2Fcomments&post=38683"}],"version-history":[{"count":1,"href":"https:\/\/contraluzcucuta.co\/index.php?rest_route=\/wp\/v2\/posts\/38683\/revisions"}],"predecessor-version":[{"id":38686,"href":"https:\/\/contraluzcucuta.co\/index.php?rest_route=\/wp\/v2\/posts\/38683\/revisions\/38686"}],"wp:featuredmedia":[{"embeddable":true,"href":"https:\/\/contraluzcucuta.co\/index.php?rest_route=\/wp\/v2\/media\/38684"}],"wp:attachment":[{"href":"https:\/\/contraluzcucuta.co\/index.php?rest_route=%2Fwp%2Fv2%2Fmedia&parent=38683"}],"wp:term":[{"taxonomy":"category","embeddable":true,"href":"https:\/\/contraluzcucuta.co\/index.php?rest_route=%2Fwp%2Fv2%2Fcategories&post=38683"},{"taxonomy":"post_tag","embeddable":true,"href":"https:\/\/contraluzcucuta.co\/index.php?rest_route=%2Fwp%2Fv2%2Ftags&post=38683"}],"curies":[{"name":"wp","href":"https:\/\/api.w.org\/{rel}","templated":true}]}}