{"id":38643,"date":"2023-05-24T18:46:53","date_gmt":"2023-05-24T23:46:53","guid":{"rendered":"http:\/\/contraluzcucuta.co\/?p=38643"},"modified":"2023-05-24T18:46:53","modified_gmt":"2023-05-24T23:46:53","slug":"invias-el-catatumbo-incluido-en-programa-caminos-comunitarios-de-la-paz-total","status":"publish","type":"post","link":"https:\/\/contraluzcucuta.co\/?p=38643","title":{"rendered":"INV\u00cdAS. El Catatumbo, incluido en programa Caminos Comunitarios de la Paz Total"},"content":{"rendered":"<p style=\"padding-left: 40px; text-align: right;\"><strong><span style=\"color: #ff9900;\">BOGOT\u00c1.- El Catatumbo est\u00e1 incluido en el proyecto Caminos Comunitarios de la Paz Total. La contrataci\u00f3n comenzar\u00e1 en julio y la inversi\u00f3n se ha estimado en $ 8,0 billones para intervenir m\u00e1s de 33.000 kil\u00f3metros de los caminos vecinales en el pa\u00eds. Incluyen v\u00edas secundarias y terciarias.<\/span><\/strong><\/p>\n<p>El director operativo del Instituto Nacional de V\u00edas (Inv\u00edas), Juan Jos\u00e9 Oyuela, confirm\u00f3 que los corredores priorizados para esta contrataci\u00f3n y ejecuci\u00f3n de obras de los caminos vecinales o comunitarios son:<\/p>\n<ul>\n<li>Las zonas PDET<\/li>\n<li>Las llamadas ZOMAC o Zonas M\u00e1s Afectadas por el Conflicto<\/li>\n<li>Las hist\u00f3ricamente olvidadas, como en Cauca; El Catatumbo, en Norte de Santander, y Choc\u00f3, entre otras.<\/li>\n<\/ul>\n<p>La informaci\u00f3n la entreg\u00f3 al Informativo de Colombia Hoy Radio y se\u00f1al\u00f3 que a este esfuerzo se suma la acci\u00f3n comunal, con la que se adelantar\u00e1 la contrataci\u00f3n de las obras. \u201cDesde la semana pasada Inv\u00edas hace visitas a los corredores identificados y postulados por las juntas de acci\u00f3n comunal, revisando la documentaci\u00f3n y los pasos para concretar la contrataci\u00f3n finalmente\u201d.<\/p>\n<p>En los 33.000 kil\u00f3metros se incluyen v\u00edas secundarias, que tienen a su cargo los departamentos. Tambi\u00e9n, las \u00e1reas con potencial tur\u00edstico y agrario. Se cruzaron bases de datos entre los ministerios de Comercio, Industria y Turismo, y Agricultura.<\/p>\n<p>\u201cHacemos una interacci\u00f3n con los ministerios para que esta priorizaci\u00f3n en los caminos comunitarios llegue a todos los sectores contemplados en el Plan Nacional de Desarrollo y potenciar nuestro programa de Gobierno\u201d, declar\u00f3.<\/p>\n<p>La estructuraci\u00f3n del programa se adelant\u00f3 durante los primeros seis meses del Gobierno y se hace una revisi\u00f3n peri\u00f3dica con el ministerio de Transporte y las entidades involucradas en el programa.<\/p>\n<p>La semana pasada comenzaron las visitas de verificaci\u00f3n y de revisi\u00f3n presupuestal para los corredores postulados por las comunidades y se avanza con las autoridades en la identificaci\u00f3n. \u201cTuvimos el acompa\u00f1amiento de ingenieros del Inv\u00edas, del ministerio de Transporte y de la acci\u00f3n comunal para hablar en las mismas zonas de intervenci\u00f3n y poder avanzar\u201d, concluy\u00f3 Juan Jos\u00e9 Oyuela.<\/p>\n","protected":false},"excerpt":{"rendered":"<p>BOGOT\u00c1.- El Catatumbo est\u00e1 incluido en el proyecto Caminos Comunitarios de la Paz Total. La contrataci\u00f3n comenzar\u00e1 en julio y la inversi\u00f3n se ha estimado en $ 8,0 billones para intervenir m\u00e1s de 33.000 kil\u00f3metros de los caminos vecinales en el pa\u00eds. Incluyen v\u00edas secundarias y terciarias. El director operativo del Instituto Nacional de V\u00edas &hellip;<\/p>\n","protected":false},"author":1,"featured_media":38644,"comment_status":"open","ping_status":"open","sticky":false,"template":"","format":"standard","meta":{"footnotes":""},"categories":[4,39],"tags":[5613,246,5614,393,4819,4095],"class_list":["post-38643","post","type-post","status-publish","format-standard","has-post-thumbnail","hentry","category-barra","category-miradas-ajenas","tag-caminos-comunitarios-de-la-paz-total","tag-el-catatumbo","tag-gobierno-del-cambio","tag-invias","tag-municipios-pdet","tag-zomac"],"_links":{"self":[{"href":"https:\/\/contraluzcucuta.co\/index.php?rest_route=\/wp\/v2\/posts\/38643","targetHints":{"allow":["GET"]}}],"collection":[{"href":"https:\/\/contraluzcucuta.co\/index.php?rest_route=\/wp\/v2\/posts"}],"about":[{"href":"https:\/\/contraluzcucuta.co\/index.php?rest_route=\/wp\/v2\/types\/post"}],"author":[{"embeddable":true,"href":"https:\/\/contraluzcucuta.co\/index.php?rest_route=\/wp\/v2\/users\/1"}],"replies":[{"embeddable":true,"href":"https:\/\/contraluzcucuta.co\/index.php?rest_route=%2Fwp%2Fv2%2Fcomments&post=38643"}],"version-history":[{"count":1,"href":"https:\/\/contraluzcucuta.co\/index.php?rest_route=\/wp\/v2\/posts\/38643\/revisions"}],"predecessor-version":[{"id":38645,"href":"https:\/\/contraluzcucuta.co\/index.php?rest_route=\/wp\/v2\/posts\/38643\/revisions\/38645"}],"wp:featuredmedia":[{"embeddable":true,"href":"https:\/\/contraluzcucuta.co\/index.php?rest_route=\/wp\/v2\/media\/38644"}],"wp:attachment":[{"href":"https:\/\/contraluzcucuta.co\/index.php?rest_route=%2Fwp%2Fv2%2Fmedia&parent=38643"}],"wp:term":[{"taxonomy":"category","embeddable":true,"href":"https:\/\/contraluzcucuta.co\/index.php?rest_route=%2Fwp%2Fv2%2Fcategories&post=38643"},{"taxonomy":"post_tag","embeddable":true,"href":"https:\/\/contraluzcucuta.co\/index.php?rest_route=%2Fwp%2Fv2%2Ftags&post=38643"}],"curies":[{"name":"wp","href":"https:\/\/api.w.org\/{rel}","templated":true}]}}