{"id":38618,"date":"2023-05-17T19:25:29","date_gmt":"2023-05-18T00:25:29","guid":{"rendered":"http:\/\/contraluzcucuta.co\/?p=38618"},"modified":"2023-05-17T19:25:54","modified_gmt":"2023-05-18T00:25:54","slug":"dia-de-internet-70-del-uso-del-internet-de-datos-se-concentra-en-facebook-instagram-youtube-whatsapp-y-tiktok","status":"publish","type":"post","link":"https:\/\/contraluzcucuta.co\/?p=38618","title":{"rendered":"D\u00cdA DE INTERNET. 70 % del uso de datos se concentra en Facebook, Instagram, YouTube, WhatsApp y TikTok"},"content":{"rendered":"<p style=\"padding-left: 40px; text-align: right;\"><strong><span style=\"color: #ff9900;\">BOGOT\u00c1.- En el marco del D\u00eda del Internet, Movistar comparte las cifras del incremento del tr\u00e1fico de datos fijos y m\u00f3viles durante los \u00faltimos a\u00f1os. La compa\u00f1\u00eda, principal aliada de la transformaci\u00f3n digital en Colombia, confirma que en lo corrido del a\u00f1o cursaron por sus redes cerca de 2,8 millones de terabytes, lo que equivale a descargar m\u00e1s de 55 millones de pel\u00edculas en alta definici\u00f3n (4K).<\/span><\/strong><\/p>\n<p>Durante la pandemia se evidenci\u00f3 uno de los m\u00e1s grandes aumentos en el uso de datos en todos los tiempos. Se alcanz\u00f3 el incremento del 83 % en comparaci\u00f3n con los a\u00f1os anteriores. Desde el 2019, ese tr\u00e1fico se multiplic\u00f3 por 4,65, lo que en un ejemplo pr\u00e1ctico significa haber pasado de tener una v\u00eda de dos carriles a una de 10.<\/p>\n<p>La empresa proyecta crecer al mismo nivel, apalancado en los despliegues de fibra \u00f3ptica. A la fecha, Movistar tiene cobertura para cerca de 4 millones de hogares y negocios distribuidos en 51 municipios del pa\u00eds.<\/p>\n<p>\u201cDesde Movistar estamos comprometidos con entregar un servicio que cumpla con todas las exigencias de estudiantes, empresarios, trabajadores, negocios e instituciones, con el fin de aportar a la construcci\u00f3n de oportunidades a trav\u00e9s de las ventajas que ofrece el Internet\u201d, afirm\u00f3 Fabi\u00e1n Hern\u00e1ndez, presidente CEO de Telef\u00f3nica Movistar Colombia.<\/p>\n<p>La compa\u00f1\u00eda super\u00f3 el mill\u00f3n de clientes conectados con fibra \u00f3ptica, lo que evidencia que cada vez son m\u00e1s los que quieren experimentar una conectividad a otro nivel, siendo participes de la transformaci\u00f3n digital del pa\u00eds.<\/p>\n<p>En el 2023, Movistar confirma que se han efectuado por medio de sus redes m\u00e1s de 19 millones de descargas diariamente de 10 MB (Megabites) y que la franja horaria de mayor consumo de datos es entre las 9:00 y las 10:00 de la noche. Cerca del 70 % del uso del Internet de datos en el pa\u00eds se concentra en Facebook, Instagram, YouTube, WhatsApp y TikTok.<\/p>\n","protected":false},"excerpt":{"rendered":"<p>BOGOT\u00c1.- En el marco del D\u00eda del Internet, Movistar comparte las cifras del incremento del tr\u00e1fico de datos fijos y m\u00f3viles durante los \u00faltimos a\u00f1os. La compa\u00f1\u00eda, principal aliada de la transformaci\u00f3n digital en Colombia, confirma que en lo corrido del a\u00f1o cursaron por sus redes cerca de 2,8 millones de terabytes, lo que equivale &hellip;<\/p>\n","protected":false},"author":1,"featured_media":38619,"comment_status":"open","ping_status":"open","sticky":false,"template":"","format":"standard","meta":{"footnotes":""},"categories":[4,39],"tags":[5604,3173,4232],"class_list":["post-38618","post","type-post","status-publish","format-standard","has-post-thumbnail","hentry","category-barra","category-miradas-ajenas","tag-dia-de-internet","tag-miradas-ajenas","tag-movistar"],"_links":{"self":[{"href":"https:\/\/contraluzcucuta.co\/index.php?rest_route=\/wp\/v2\/posts\/38618","targetHints":{"allow":["GET"]}}],"collection":[{"href":"https:\/\/contraluzcucuta.co\/index.php?rest_route=\/wp\/v2\/posts"}],"about":[{"href":"https:\/\/contraluzcucuta.co\/index.php?rest_route=\/wp\/v2\/types\/post"}],"author":[{"embeddable":true,"href":"https:\/\/contraluzcucuta.co\/index.php?rest_route=\/wp\/v2\/users\/1"}],"replies":[{"embeddable":true,"href":"https:\/\/contraluzcucuta.co\/index.php?rest_route=%2Fwp%2Fv2%2Fcomments&post=38618"}],"version-history":[{"count":2,"href":"https:\/\/contraluzcucuta.co\/index.php?rest_route=\/wp\/v2\/posts\/38618\/revisions"}],"predecessor-version":[{"id":38621,"href":"https:\/\/contraluzcucuta.co\/index.php?rest_route=\/wp\/v2\/posts\/38618\/revisions\/38621"}],"wp:featuredmedia":[{"embeddable":true,"href":"https:\/\/contraluzcucuta.co\/index.php?rest_route=\/wp\/v2\/media\/38619"}],"wp:attachment":[{"href":"https:\/\/contraluzcucuta.co\/index.php?rest_route=%2Fwp%2Fv2%2Fmedia&parent=38618"}],"wp:term":[{"taxonomy":"category","embeddable":true,"href":"https:\/\/contraluzcucuta.co\/index.php?rest_route=%2Fwp%2Fv2%2Fcategories&post=38618"},{"taxonomy":"post_tag","embeddable":true,"href":"https:\/\/contraluzcucuta.co\/index.php?rest_route=%2Fwp%2Fv2%2Ftags&post=38618"}],"curies":[{"name":"wp","href":"https:\/\/api.w.org\/{rel}","templated":true}]}}