{"id":38612,"date":"2023-05-17T19:01:36","date_gmt":"2023-05-18T00:01:36","guid":{"rendered":"http:\/\/contraluzcucuta.co\/?p=38612"},"modified":"2023-05-17T19:05:43","modified_gmt":"2023-05-18T00:05:43","slug":"transformacion-energetica-en-colombia-solo-se-gradua-el-227-de-los-ingenieros-energeticos-requeridos","status":"publish","type":"post","link":"https:\/\/contraluzcucuta.co\/?p=38612","title":{"rendered":"TRANSFORMACI\u00d3N ENERG\u00c9TICA. En Colombia solo se grad\u00faa el 22,7 % de los ingenieros energ\u00e9ticos requeridos"},"content":{"rendered":"<p style=\"padding-left: 40px; text-align: right;\"><span style=\"color: #ff9900;\">BOGOT\u00c1.- La Ingenier\u00eda Energ\u00e9tica es la clave del futuro teniendo en cuenta que, seg\u00fan la Agencia Internacional de Energ\u00eda, en el 2035 el mundo consumir\u00e1 una tercera parte de la tradicional energ\u00eda f\u00f3sil. Al mismo tiempo, el pa\u00eds se enfrenta al reto de generar energ\u00edas alternativas para reducir la dependencia de los combustibles tradicionales, trazando una ruta para el desarrollo acad\u00e9mico e industrial.<\/span><\/p>\n<p>Teniendo en cuenta que el Ministerio de Minas y Energ\u00eda planea aumentar en 50 veces la producci\u00f3n de energ\u00eda con fuentes renovables, pasando de 50 MW a 2500 MW, resulta conveniente, tanto para la academia como para las futuras generaciones, considerar esta \u00e1rea como una alternativa relevante de formaci\u00f3n, promoci\u00f3n y especializaci\u00f3n que garantizar\u00e1 la productividad, empleabilidad y actualidad requerida por el pa\u00eds y la regi\u00f3n.<\/p>\n<p>Camilo Navarro, director de Ingenier\u00edas de la Fundaci\u00f3n Universitaria Salesiana, dijo que el n\u00famero de graduados anuales de esta \u00e1rea de conocimiento no supera los 160 profesionales. Si se tiene en cuenta la cantidad de vacantes que hoy oferta el Servicio P\u00fablico de Empleo (SPE) para este tipo de perfiles (703), en el pa\u00eds est\u00e1 form\u00e1ndose el 22,7 % del total de personas con estas habilidades, frente a la cantidad que realmente se necesita.<\/p>\n<p><a href=\"https:\/\/contraluzcucuta.co\/wp-content\/uploads\/2023\/05\/PANELES-SOLARES-1.jpg\"><img loading=\"lazy\" decoding=\"async\" class=\"alignnone size-medium wp-image-38615 alignleft\" src=\"https:\/\/contraluzcucuta.co\/wp-content\/uploads\/2023\/05\/PANELES-SOLARES-1-300x158.jpg\" alt=\"\" width=\"300\" height=\"158\" srcset=\"https:\/\/contraluzcucuta.co\/wp-content\/uploads\/2023\/05\/PANELES-SOLARES-1-300x158.jpg 300w, https:\/\/contraluzcucuta.co\/wp-content\/uploads\/2023\/05\/PANELES-SOLARES-1-600x316.jpg 600w, https:\/\/contraluzcucuta.co\/wp-content\/uploads\/2023\/05\/PANELES-SOLARES-1-1024x540.jpg 1024w, https:\/\/contraluzcucuta.co\/wp-content\/uploads\/2023\/05\/PANELES-SOLARES-1-768x405.jpg 768w, https:\/\/contraluzcucuta.co\/wp-content\/uploads\/2023\/05\/PANELES-SOLARES-1.jpg 1229w\" sizes=\"auto, (max-width: 300px) 100vw, 300px\" \/><\/a><\/p>\n<p>\u201cLa ingenier\u00eda energ\u00e9tica est\u00e1 dirigida a personas con habilidades en las \u00e1reas de matem\u00e1tica, f\u00edsica y qu\u00edmica, con buena capacidad de abstracci\u00f3n espacial y razonamiento l\u00f3gico, con alta sensibilidad social y entusiasmo por aportar al desarrollo econ\u00f3mico de las regiones y el pa\u00eds, y conscientes de que este desarrollo va de la mano con la sostenibilidad ambiental y de sus recursos\u201d, destac\u00f3 el catedr\u00e1tico.<\/p>\n<p>Desde el programa acad\u00e9mico de Ingenier\u00eda Energ\u00e9tica de la Fundaci\u00f3n Universitaria Salesiana, que responde a varios de los objetivos de desarrollo sostenible ODS de Educaci\u00f3n de calidad, Energ\u00eda asequible y no contaminante, Trabajo decente y Crecimiento econ\u00f3mico, y Producci\u00f3n y consumo responsables, se comparten diez ventajas de la utilizaci\u00f3n de energ\u00edas renovables y f\u00f3siles, para entender su importancia en la cotidianidad de la sociedad:<\/p>\n<p>Renovables<\/p>\n<ol>\n<li>Emisi\u00f3n nula de gases de efecto invernadero (GEI) y otros contaminantes.<\/li>\n<li>Ayudan a disminuir enfermedades relacionadas con la contaminaci\u00f3n.<\/li>\n<li>No necesitan grandes cantidades de agua para su funcionamiento.<\/li>\n<li>Reducen la necesidad de industrias extractivas en la medida que se evita el uso de combustibles f\u00f3siles.<\/li>\n<li>Reducen la necesidad de proyectos hidroel\u00e9ctricos de gran escala con los consecuentes efectos de inundaci\u00f3n y erosi\u00f3n.<\/li>\n<li>Reducci\u00f3n de las tarifas en los servicios de luz, agua y gas.<\/li>\n<li>Generaci\u00f3n de empleos directos (trabajadores de la construcci\u00f3n, desarrolladores, dise\u00f1adores, instaladores, financieros, fabricantes).<\/li>\n<li>Generaci\u00f3n de empleos indirectos (en la agricultura, al expandir los sistemas de riego, en la ganader\u00eda y avicultura, con la instalaci\u00f3n de establos electrificados, en el comercio y los servicios).<\/li>\n<li>Para los ayuntamientos, reducci\u00f3n del costo de los servicios municipales de energ\u00eda el\u00e9ctrica (alumbrado p\u00fablico, bombeo de agua y edificios p\u00fablicos.<\/li>\n<li>La posibilidad de llevar energ\u00eda el\u00e9ctrica a comunidades remotas, y en la promoci\u00f3n del desarrollo de dichas comunidades.<\/li>\n<\/ol>\n<p>F\u00f3siles<\/p>\n<p>Aunque el valor del carb\u00f3n, el gas y el petr\u00f3leo es un negocio rentable que genera grandes ganancias, as\u00ed como consecuencias ambientales y sociales diferentes, existen razones de peso para no prescindir inmediatamente de la energ\u00eda f\u00f3sil o tradicional, \u201cdado que actualmente no ser\u00eda posible generar la energ\u00eda necesaria para suplir la demanda con fuentes renovables\u201d, destac\u00f3 el docente.<\/p>\n","protected":false},"excerpt":{"rendered":"<p>BOGOT\u00c1.- La Ingenier\u00eda Energ\u00e9tica es la clave del futuro teniendo en cuenta que, seg\u00fan la Agencia Internacional de Energ\u00eda, en el 2035 el mundo consumir\u00e1 una tercera parte de la tradicional energ\u00eda f\u00f3sil. Al mismo tiempo, el pa\u00eds se enfrenta al reto de generar energ\u00edas alternativas para reducir la dependencia de los combustibles tradicionales, trazando &hellip;<\/p>\n","protected":false},"author":1,"featured_media":38613,"comment_status":"open","ping_status":"open","sticky":false,"template":"","format":"standard","meta":{"footnotes":""},"categories":[74,4,39],"tags":[5603,5601,5602],"class_list":["post-38612","post","type-post","status-publish","format-standard","has-post-thumbnail","hentry","category-aula-universitaria","category-barra","category-miradas-ajenas","tag-agencia-internacional-de-energia","tag-fundacion-universitaria-salesiana","tag-transformacion-energetica"],"_links":{"self":[{"href":"https:\/\/contraluzcucuta.co\/index.php?rest_route=\/wp\/v2\/posts\/38612","targetHints":{"allow":["GET"]}}],"collection":[{"href":"https:\/\/contraluzcucuta.co\/index.php?rest_route=\/wp\/v2\/posts"}],"about":[{"href":"https:\/\/contraluzcucuta.co\/index.php?rest_route=\/wp\/v2\/types\/post"}],"author":[{"embeddable":true,"href":"https:\/\/contraluzcucuta.co\/index.php?rest_route=\/wp\/v2\/users\/1"}],"replies":[{"embeddable":true,"href":"https:\/\/contraluzcucuta.co\/index.php?rest_route=%2Fwp%2Fv2%2Fcomments&post=38612"}],"version-history":[{"count":1,"href":"https:\/\/contraluzcucuta.co\/index.php?rest_route=\/wp\/v2\/posts\/38612\/revisions"}],"predecessor-version":[{"id":38616,"href":"https:\/\/contraluzcucuta.co\/index.php?rest_route=\/wp\/v2\/posts\/38612\/revisions\/38616"}],"wp:featuredmedia":[{"embeddable":true,"href":"https:\/\/contraluzcucuta.co\/index.php?rest_route=\/wp\/v2\/media\/38613"}],"wp:attachment":[{"href":"https:\/\/contraluzcucuta.co\/index.php?rest_route=%2Fwp%2Fv2%2Fmedia&parent=38612"}],"wp:term":[{"taxonomy":"category","embeddable":true,"href":"https:\/\/contraluzcucuta.co\/index.php?rest_route=%2Fwp%2Fv2%2Fcategories&post=38612"},{"taxonomy":"post_tag","embeddable":true,"href":"https:\/\/contraluzcucuta.co\/index.php?rest_route=%2Fwp%2Fv2%2Ftags&post=38612"}],"curies":[{"name":"wp","href":"https:\/\/api.w.org\/{rel}","templated":true}]}}