{"id":38607,"date":"2023-05-16T18:52:05","date_gmt":"2023-05-16T23:52:05","guid":{"rendered":"http:\/\/contraluzcucuta.co\/?p=38607"},"modified":"2023-05-16T18:52:05","modified_gmt":"2023-05-16T23:52:05","slug":"futbol-colombiano-dimayor-definio-calendario-de-las-primeras-fechas-del-torneo","status":"publish","type":"post","link":"https:\/\/contraluzcucuta.co\/?p=38607","title":{"rendered":"F\u00daTBOL COLOMBIANO. Dimayor defini\u00f3 calendario de las primeras fechas del Torneo"},"content":{"rendered":"<p style=\"padding-left: 40px; text-align: right;\"><strong><span style=\"color: #ff9900;\">C\u00daCUTA.- La rectora del f\u00fatbol profesional dio a conocer las primeras dos fechas de los cuadrangulares semifinales del Torneo de la B. Los motilones tendr\u00e1n los siguientes compromisos:<\/span><\/strong><\/p>\n<p>Primera fecha<\/p>\n<p>Cortulu\u00e1 &#8211; C\u00facuta Deportivo<\/p>\n<p>Fecha: 21 de mayo<\/p>\n<p>Hora: 3:00 de la tarde<\/p>\n<p>Estadio: Ra\u00fal Miranda Yumbo<\/p>\n<p>Segunda fecha<\/p>\n<p>C\u00facuta Deportivo \u2013 Valledupar<\/p>\n<p>Fecha: 25 de mayo<\/p>\n<p>Hora: 4:00 de la tarde<\/p>\n<p>Estadio: General Santander<\/p>\n<p><strong>\u00c1RBITROS EN ACCI\u00d3N<\/strong><\/p>\n<p style=\"text-align: left;\"><a href=\"https:\/\/contraluzcucuta.co\/wp-content\/uploads\/2023\/05\/LAURY-GUERRERO-2.jpg\"><img loading=\"lazy\" decoding=\"async\" class=\"alignnone size-medium wp-image-38609\" src=\"https:\/\/contraluzcucuta.co\/wp-content\/uploads\/2023\/05\/LAURY-GUERRERO-2-300x168.jpg\" alt=\"\" width=\"300\" height=\"168\" srcset=\"https:\/\/contraluzcucuta.co\/wp-content\/uploads\/2023\/05\/LAURY-GUERRERO-2-300x168.jpg 300w, https:\/\/contraluzcucuta.co\/wp-content\/uploads\/2023\/05\/LAURY-GUERRERO-2-600x336.jpg 600w, https:\/\/contraluzcucuta.co\/wp-content\/uploads\/2023\/05\/LAURY-GUERRERO-2.jpg 719w\" sizes=\"auto, (max-width: 300px) 100vw, 300px\" \/><\/a> <a href=\"https:\/\/contraluzcucuta.co\/wp-content\/uploads\/2023\/05\/ALEXANDER-ORTIZ-1.jpg\"><img loading=\"lazy\" decoding=\"async\" class=\"alignnone  wp-image-38610\" src=\"https:\/\/contraluzcucuta.co\/wp-content\/uploads\/2023\/05\/ALEXANDER-ORTIZ-1-285x300.jpg\" alt=\"\" width=\"161\" height=\"169\" srcset=\"https:\/\/contraluzcucuta.co\/wp-content\/uploads\/2023\/05\/ALEXANDER-ORTIZ-1-285x300.jpg 285w, https:\/\/contraluzcucuta.co\/wp-content\/uploads\/2023\/05\/ALEXANDER-ORTIZ-1-600x632.jpg 600w, https:\/\/contraluzcucuta.co\/wp-content\/uploads\/2023\/05\/ALEXANDER-ORTIZ-1.jpg 719w\" sizes=\"auto, (max-width: 161px) 100vw, 161px\" \/>\u00a0<\/a><\/p>\n<p>Los \u00e1rbitros de Norte de Santander tendr\u00e1n actividad este fin de semana en las ligas femenina y masculina del f\u00fatbol profesional colombiano. Laury Guerrero ser\u00e1 la juez central en el compromiso Atl\u00e9tico Nacional contra Atl\u00e9tico Huila.<\/p>\n<p>En la Liga Profesional, la Dimayor program\u00f3 a los nortesantandereanos para los siguientes partidos:<\/p>\n<ol>\n<li>Mar\u00eda V. Daza oficiar\u00e1 como auxiliar del VAR en el encuentro Deportivo Cali frente a Boyac\u00e1 Chic\u00f3<\/li>\n<li>Alexander Guzm\u00e1n ser\u00e1 Asistente 1 en el partido Once Caldas \u2013 Independiente Santa Fe.<\/li>\n<li>Jos\u00e9 Ortiz ser\u00e1 el central del choque entre Atl\u00e9tico Huila y Junior, con Jorge Sanna como Asistente 1.<\/li>\n<li>Jorge Guzm\u00e1n estar\u00e1 en el VAR del encuentro entre Independiente Medell\u00edn y Uni\u00f3n Magdalena.<\/li>\n<\/ol>\n","protected":false},"excerpt":{"rendered":"<p>C\u00daCUTA.- La rectora del f\u00fatbol profesional dio a conocer las primeras dos fechas de los cuadrangulares semifinales del Torneo de la B. Los motilones tendr\u00e1n los siguientes compromisos: Primera fecha Cortulu\u00e1 &#8211; C\u00facuta Deportivo Fecha: 21 de mayo Hora: 3:00 de la tarde Estadio: Ra\u00fal Miranda Yumbo Segunda fecha C\u00facuta Deportivo \u2013 Valledupar Fecha: 25 &hellip;<\/p>\n","protected":false},"author":1,"featured_media":38608,"comment_status":"open","ping_status":"open","sticky":false,"template":"","format":"standard","meta":{"footnotes":""},"categories":[28],"tags":[5541,1396,5599],"class_list":["post-38607","post","type-post","status-publish","format-standard","has-post-thumbnail","hentry","category-vistazo-deportivo","tag-cucuta-deportivo-2023","tag-dimayor","tag-torneo-betplay"],"_links":{"self":[{"href":"https:\/\/contraluzcucuta.co\/index.php?rest_route=\/wp\/v2\/posts\/38607","targetHints":{"allow":["GET"]}}],"collection":[{"href":"https:\/\/contraluzcucuta.co\/index.php?rest_route=\/wp\/v2\/posts"}],"about":[{"href":"https:\/\/contraluzcucuta.co\/index.php?rest_route=\/wp\/v2\/types\/post"}],"author":[{"embeddable":true,"href":"https:\/\/contraluzcucuta.co\/index.php?rest_route=\/wp\/v2\/users\/1"}],"replies":[{"embeddable":true,"href":"https:\/\/contraluzcucuta.co\/index.php?rest_route=%2Fwp%2Fv2%2Fcomments&post=38607"}],"version-history":[{"count":1,"href":"https:\/\/contraluzcucuta.co\/index.php?rest_route=\/wp\/v2\/posts\/38607\/revisions"}],"predecessor-version":[{"id":38611,"href":"https:\/\/contraluzcucuta.co\/index.php?rest_route=\/wp\/v2\/posts\/38607\/revisions\/38611"}],"wp:featuredmedia":[{"embeddable":true,"href":"https:\/\/contraluzcucuta.co\/index.php?rest_route=\/wp\/v2\/media\/38608"}],"wp:attachment":[{"href":"https:\/\/contraluzcucuta.co\/index.php?rest_route=%2Fwp%2Fv2%2Fmedia&parent=38607"}],"wp:term":[{"taxonomy":"category","embeddable":true,"href":"https:\/\/contraluzcucuta.co\/index.php?rest_route=%2Fwp%2Fv2%2Fcategories&post=38607"},{"taxonomy":"post_tag","embeddable":true,"href":"https:\/\/contraluzcucuta.co\/index.php?rest_route=%2Fwp%2Fv2%2Ftags&post=38607"}],"curies":[{"name":"wp","href":"https:\/\/api.w.org\/{rel}","templated":true}]}}