{"id":38591,"date":"2023-04-18T19:58:15","date_gmt":"2023-04-19T00:58:15","guid":{"rendered":"http:\/\/contraluzcucuta.co\/?p=38591"},"modified":"2023-04-18T19:58:15","modified_gmt":"2023-04-19T00:58:15","slug":"ojos-y-oidos-alerta-significativo-numero-de-casos-de-dengue-en-norte-de-santander","status":"publish","type":"post","link":"https:\/\/contraluzcucuta.co\/?p=38591","title":{"rendered":"\u00a1OJOS Y O\u00cdDOS ALERTA! Significativo n\u00famero de casos de dengue en Norte de Santander"},"content":{"rendered":"<p style=\"padding-left: 40px; text-align: right;\"><strong><span style=\"color: #ff9900;\">BOGOT\u00c1.- Norte de Santander aparece en la lista de departamentos m\u00e1s afectados por el dengue. En el pa\u00eds, seg\u00fan datos del Instituto Nacional de Salud, hay registrados m\u00e1s de 17.000 casos de la enfermedad. Los otros departamentos en los que se ha detectado un significativo n\u00famero de casos son Huila, Cundinamarca, Bol\u00edvar y Norte de Santander presentan un significativo n\u00famero de casos de la enfermedad.<\/span><\/strong><\/p>\n<p>Colombia vive la primera temporada de lluvias y, seg\u00fan el Instituto de Hidrolog\u00eda, Meteorolog\u00eda y Estudios Ambientales (Ideam), se esperan precipitaciones similares a los promedios hist\u00f3ricos de 1991 y 2020. El pa\u00eds registr\u00f3 un triple episodio del fen\u00f3meno de La Ni\u00f1a, durante 2020, 2021 y 2022, siendo el del \u00faltimo a\u00f1o el m\u00e1s fuerte.<\/p>\n<p>La Cruz Roja Colombiana presenta la campa\u00f1a \u2018Activa Tus Sentidos\u2019 para incentivar a la poblaci\u00f3n a hacer uso de la vista, o\u00eddo, gusto, olfato y tacto para reconocer situaciones de riesgo y efectuar las acciones que desde el hogar y la comunidad contribuyen a reducir la probabilidad de situaciones de emergencia y enfermedades recurrentes en la temporada de lluvias.<\/p>\n<p>La Cruz Roja llama a evitar la propagaci\u00f3n de enfermedades transmitidas por vectores, principalmente del dengue, chikungunya, zika y malaria.<\/p>\n<p>Algunas de las acciones que pueden seguir los ciudadanos para evitar la reproducci\u00f3n de los mosquitos transmisores son:<\/p>\n<ul>\n<li>Evitar zonas donde se pueda conservar agua estancada en llantas, matas, floreros.<\/li>\n<li>Lavar con agua y jab\u00f3n cada ocho d\u00edas los lugares donde se almacena el agua (albercas, canecas u otros recipientes grandes)<\/li>\n<li>Tapar los lugares donde se conserva el agua apta para consumo, entre otros.<\/li>\n<\/ul>\n<p>En \u00e9poca de lluvias suele haber picos de infecciones respiratorias y enfermedades diarreicas agudas, con alta incidencia en ni\u00f1os y adolescentes. Para prevenir el aumento de casos, la Cruz Roja Colombiana ha indicado algunas acciones que se pueden implementar desde el hogar, entre ellas:<\/p>\n<ul>\n<li>Lavar continuamente las manos con agua y jab\u00f3n<\/li>\n<li>Permitir la ventilaci\u00f3n de espacios a trav\u00e9s de la circulaci\u00f3n de aire abriendo ventanas y puertas<\/li>\n<li>Consumir agua limpia, que haya sido hervida durante m\u00ednimo dos minutos<\/li>\n<li>Lavar bien los alimentos, previo al consumo, entre otras medidas de higiene y sanidad personal y del hogar.<\/li>\n<\/ul>\n<p>La Cruz Roja tambi\u00e9n llama a la prevenci\u00f3n de emergencias o desastres de origen natural como inundaciones, deslizamientos, avalanchas, desbordamientos de cuerpos de agua, etc\u00e9tera.<\/p>\n<ul>\n<li>Realizar una adecuada disposici\u00f3n de los residuos<\/li>\n<li>Revisar y asegurar el techo de su vivienda y hacer mantenimiento a drenajes, canales y filtros<\/li>\n<li>Vigilar los \u00e1rboles y palmas presentes en su barrio y dar aviso sobre anomal\u00edas a la l\u00ednea \u00fanica de emergencia 123 o a las oficinas de gesti\u00f3n del riesgo de desastres de las alcald\u00edas o administraciones locales de cada municipio.<\/li>\n<\/ul>\n","protected":false},"excerpt":{"rendered":"<p>BOGOT\u00c1.- Norte de Santander aparece en la lista de departamentos m\u00e1s afectados por el dengue. En el pa\u00eds, seg\u00fan datos del Instituto Nacional de Salud, hay registrados m\u00e1s de 17.000 casos de la enfermedad. Los otros departamentos en los que se ha detectado un significativo n\u00famero de casos son Huila, Cundinamarca, Bol\u00edvar y Norte de &hellip;<\/p>\n","protected":false},"author":1,"featured_media":38592,"comment_status":"open","ping_status":"open","sticky":false,"template":"","format":"standard","meta":{"footnotes":""},"categories":[4,39],"tags":[2266,1379,2766],"class_list":["post-38591","post","type-post","status-publish","format-standard","has-post-thumbnail","hentry","category-barra","category-miradas-ajenas","tag-cruz-roja-colombiana","tag-dengue-en-cucuta","tag-ideam"],"_links":{"self":[{"href":"https:\/\/contraluzcucuta.co\/index.php?rest_route=\/wp\/v2\/posts\/38591","targetHints":{"allow":["GET"]}}],"collection":[{"href":"https:\/\/contraluzcucuta.co\/index.php?rest_route=\/wp\/v2\/posts"}],"about":[{"href":"https:\/\/contraluzcucuta.co\/index.php?rest_route=\/wp\/v2\/types\/post"}],"author":[{"embeddable":true,"href":"https:\/\/contraluzcucuta.co\/index.php?rest_route=\/wp\/v2\/users\/1"}],"replies":[{"embeddable":true,"href":"https:\/\/contraluzcucuta.co\/index.php?rest_route=%2Fwp%2Fv2%2Fcomments&post=38591"}],"version-history":[{"count":1,"href":"https:\/\/contraluzcucuta.co\/index.php?rest_route=\/wp\/v2\/posts\/38591\/revisions"}],"predecessor-version":[{"id":38593,"href":"https:\/\/contraluzcucuta.co\/index.php?rest_route=\/wp\/v2\/posts\/38591\/revisions\/38593"}],"wp:featuredmedia":[{"embeddable":true,"href":"https:\/\/contraluzcucuta.co\/index.php?rest_route=\/wp\/v2\/media\/38592"}],"wp:attachment":[{"href":"https:\/\/contraluzcucuta.co\/index.php?rest_route=%2Fwp%2Fv2%2Fmedia&parent=38591"}],"wp:term":[{"taxonomy":"category","embeddable":true,"href":"https:\/\/contraluzcucuta.co\/index.php?rest_route=%2Fwp%2Fv2%2Fcategories&post=38591"},{"taxonomy":"post_tag","embeddable":true,"href":"https:\/\/contraluzcucuta.co\/index.php?rest_route=%2Fwp%2Fv2%2Ftags&post=38591"}],"curies":[{"name":"wp","href":"https:\/\/api.w.org\/{rel}","templated":true}]}}