{"id":38574,"date":"2023-04-13T12:55:00","date_gmt":"2023-04-13T17:55:00","guid":{"rendered":"http:\/\/contraluzcucuta.co\/?p=38574"},"modified":"2023-04-13T12:56:12","modified_gmt":"2023-04-13T17:56:12","slug":"delegacion-diplomatica-jose-fernando-bautista-asumio-embajada-en-portugal","status":"publish","type":"post","link":"https:\/\/contraluzcucuta.co\/?p=38574","title":{"rendered":"DELEGACI\u00d3N DIPLOM\u00c1TICA. Jos\u00e9 Fernando Bautista asumi\u00f3 embajada en Portugal."},"content":{"rendered":"<p style=\"padding-left: 40px; text-align: right;\"><span style=\"color: #ff9900;\">El Ex alcalde de C\u00facuta, Jos\u00e9 Fernando Bautista, asumi\u00f3 como Embajador de Colombia en Portugal. El acto de posesi\u00f3n estuvo a cargo del presidente Gustavo Petro y se llev\u00f3 a cabo en la Casa de Nari\u00f1o. Tambi\u00e9n asumieron los jefes de delegaciones diplom\u00e1ticas en Ecuador, Jamaica, Trinidad y Tobago, y Rep\u00fablica Dominicana.<\/span><\/p>\n<p>Entre las tareas asignadas a Bautista, est\u00e1 como prioridad la transici\u00f3n energ\u00e9tica y la apertura de fuentes de energ\u00edas limpias en Colombia, con el apoyo de empresas portuguesas.<\/p>\n<p>\u201cEcopetrol debe ser un socio fundamental en el tema de hidr\u00f3geno verde. No podemos perder tiempo. Europa necesita hidr\u00f3geno verde y nosotros necesitamos cambiar nuestra matriz de exportaciones\u201d, le dijo Petro al nuevo Embajador y le pidi\u00f3 lograr la alianza estrat\u00e9gica con empresas portuguesas para el desarrollo de la energ\u00eda e\u00f3lica del norte del pa\u00eds.<\/p>\n<p>Sobre el turismo, campo en el que Portugal tiene amplia experiencia, dijo el Presidente que \u201cojal\u00e1 las l\u00edneas a\u00e9reas puedan abrir nuevos campos\u201d, porque \u201call\u00e1 son una potencia\u201d.<\/p>\n<div class=\"mceTemp\"><\/div>\n<figure id=\"attachment_38576\" aria-describedby=\"caption-attachment-38576\" style=\"width: 300px\" class=\"wp-caption alignleft\"><a href=\"https:\/\/contraluzcucuta.co\/wp-content\/uploads\/2023\/04\/JOSE-FERNANDO-BAUTISTA-1.jpg\"><img loading=\"lazy\" decoding=\"async\" class=\"size-medium wp-image-38576\" src=\"https:\/\/contraluzcucuta.co\/wp-content\/uploads\/2023\/04\/JOSE-FERNANDO-BAUTISTA-1-300x181.jpg\" alt=\"\" width=\"300\" height=\"181\" srcset=\"https:\/\/contraluzcucuta.co\/wp-content\/uploads\/2023\/04\/JOSE-FERNANDO-BAUTISTA-1-300x181.jpg 300w, https:\/\/contraluzcucuta.co\/wp-content\/uploads\/2023\/04\/JOSE-FERNANDO-BAUTISTA-1-600x362.jpg 600w, https:\/\/contraluzcucuta.co\/wp-content\/uploads\/2023\/04\/JOSE-FERNANDO-BAUTISTA-1-768x463.jpg 768w, https:\/\/contraluzcucuta.co\/wp-content\/uploads\/2023\/04\/JOSE-FERNANDO-BAUTISTA-1.jpg 1017w\" sizes=\"auto, (max-width: 300px) 100vw, 300px\" \/><\/a><figcaption id=\"caption-attachment-38576\" class=\"wp-caption-text\"><em>Foto: ARCHIVO<\/em><\/figcaption><\/figure>\n<p>Jos\u00e9 Fernando Bautista Quintero (59 a\u00f1os) es abogado y se ha desempe\u00f1ado como ministro de Comunicaciones, ministro (e) de Comercio Exterior, embajador de Colombia en Venezuela; presidente de la Asociaci\u00f3n Colombiana de Empresas de Telefon\u00eda Celular; asesor de la Presidencia de la Empresa de Telecomunicaciones de Bogot\u00e1; presidente de la Comisi\u00f3n de Regulaci\u00f3n de Telecomunicaciones (CRT); asesor del Ministerio de Relaciones Exteriores; c\u00f3nsul de Colombia en Sao Paulo (Brasil) y encargado de Negocios en la Embajada de Colombia en Sud\u00e1frica.<\/p>\n","protected":false},"excerpt":{"rendered":"<p>El Ex alcalde de C\u00facuta, Jos\u00e9 Fernando Bautista, asumi\u00f3 como Embajador de Colombia en Portugal. El acto de posesi\u00f3n estuvo a cargo del presidente Gustavo Petro y se llev\u00f3 a cabo en la Casa de Nari\u00f1o. Tambi\u00e9n asumieron los jefes de delegaciones diplom\u00e1ticas en Ecuador, Jamaica, Trinidad y Tobago, y Rep\u00fablica Dominicana. Entre las tareas &hellip;<\/p>\n","protected":false},"author":1,"featured_media":38575,"comment_status":"open","ping_status":"open","sticky":false,"template":"","format":"standard","meta":{"footnotes":""},"categories":[4,9],"tags":[],"class_list":["post-38574","post","type-post","status-publish","format-standard","has-post-thumbnail","hentry","category-barra","category-politica"],"_links":{"self":[{"href":"https:\/\/contraluzcucuta.co\/index.php?rest_route=\/wp\/v2\/posts\/38574","targetHints":{"allow":["GET"]}}],"collection":[{"href":"https:\/\/contraluzcucuta.co\/index.php?rest_route=\/wp\/v2\/posts"}],"about":[{"href":"https:\/\/contraluzcucuta.co\/index.php?rest_route=\/wp\/v2\/types\/post"}],"author":[{"embeddable":true,"href":"https:\/\/contraluzcucuta.co\/index.php?rest_route=\/wp\/v2\/users\/1"}],"replies":[{"embeddable":true,"href":"https:\/\/contraluzcucuta.co\/index.php?rest_route=%2Fwp%2Fv2%2Fcomments&post=38574"}],"version-history":[{"count":1,"href":"https:\/\/contraluzcucuta.co\/index.php?rest_route=\/wp\/v2\/posts\/38574\/revisions"}],"predecessor-version":[{"id":38577,"href":"https:\/\/contraluzcucuta.co\/index.php?rest_route=\/wp\/v2\/posts\/38574\/revisions\/38577"}],"wp:featuredmedia":[{"embeddable":true,"href":"https:\/\/contraluzcucuta.co\/index.php?rest_route=\/wp\/v2\/media\/38575"}],"wp:attachment":[{"href":"https:\/\/contraluzcucuta.co\/index.php?rest_route=%2Fwp%2Fv2%2Fmedia&parent=38574"}],"wp:term":[{"taxonomy":"category","embeddable":true,"href":"https:\/\/contraluzcucuta.co\/index.php?rest_route=%2Fwp%2Fv2%2Fcategories&post=38574"},{"taxonomy":"post_tag","embeddable":true,"href":"https:\/\/contraluzcucuta.co\/index.php?rest_route=%2Fwp%2Fv2%2Ftags&post=38574"}],"curies":[{"name":"wp","href":"https:\/\/api.w.org\/{rel}","templated":true}]}}