{"id":38567,"date":"2023-04-13T06:51:31","date_gmt":"2023-04-13T11:51:31","guid":{"rendered":"http:\/\/contraluzcucuta.co\/?p=38567"},"modified":"2023-04-13T06:51:31","modified_gmt":"2023-04-13T11:51:31","slug":"orden-publico-alcaldia-lidera-trabajos-para-garantizar-seguridad-en-urimaco","status":"publish","type":"post","link":"https:\/\/contraluzcucuta.co\/?p=38567","title":{"rendered":"ORDEN P\u00daBLICO. Alcald\u00eda lidera trabajos para garantizar seguridad en Urimaco"},"content":{"rendered":"<p style=\"padding-left: 40px; text-align: right;\"><strong><span style=\"color: #ff9900;\">C\u00daCUTA.- La Fiscal\u00eda y la Polic\u00eda adelantar\u00e1n las investigaciones pertinentes para esclarecer el homicidio de la lideresa ambiental de Urimaco, Diana Rodr\u00edguez. La administraci\u00f3n municipal convoc\u00f3 a una mesa extraordinaria de seguridad con el objetivo de definir medidas que permitan iniciar la ruta de judicializaci\u00f3n de los responsables del crimen.<\/span><\/strong><\/p>\n<p>El alcalde Jairo Y\u00e1\u00f1ez lament\u00f3 el asesinato de Diana Rodr\u00edguez y record\u00f3 que desarrollaban acciones para ejecutar un piloto de agua potable para el corregimiento. \u201cSu muerte nos llama a la acci\u00f3n, por eso se abrir\u00e1n mesas de trabajo con los habitantes para atender necesidades y requerimientos\u201d.<\/p>\n<p><a href=\"https:\/\/contraluzcucuta.co\/wp-content\/uploads\/2023\/04\/CONSEJO-DE-SEGURIDAD-URIMACO-1.jpg\"><img loading=\"lazy\" decoding=\"async\" class=\"alignnone size-medium wp-image-38569 alignleft\" src=\"https:\/\/contraluzcucuta.co\/wp-content\/uploads\/2023\/04\/CONSEJO-DE-SEGURIDAD-URIMACO-1-300x201.jpg\" alt=\"\" width=\"300\" height=\"201\" srcset=\"https:\/\/contraluzcucuta.co\/wp-content\/uploads\/2023\/04\/CONSEJO-DE-SEGURIDAD-URIMACO-1-300x201.jpg 300w, https:\/\/contraluzcucuta.co\/wp-content\/uploads\/2023\/04\/CONSEJO-DE-SEGURIDAD-URIMACO-1-600x401.jpg 600w, https:\/\/contraluzcucuta.co\/wp-content\/uploads\/2023\/04\/CONSEJO-DE-SEGURIDAD-URIMACO-1-1024x685.jpg 1024w, https:\/\/contraluzcucuta.co\/wp-content\/uploads\/2023\/04\/CONSEJO-DE-SEGURIDAD-URIMACO-1-768x514.jpg 768w, https:\/\/contraluzcucuta.co\/wp-content\/uploads\/2023\/04\/CONSEJO-DE-SEGURIDAD-URIMACO-1-1536x1027.jpg 1536w, https:\/\/contraluzcucuta.co\/wp-content\/uploads\/2023\/04\/CONSEJO-DE-SEGURIDAD-URIMACO-1-110x75.jpg 110w, https:\/\/contraluzcucuta.co\/wp-content\/uploads\/2023\/04\/CONSEJO-DE-SEGURIDAD-URIMACO-1.jpg 1600w\" sizes=\"auto, (max-width: 300px) 100vw, 300px\" \/><\/a><\/p>\n<p>Voceros de la Fiscal\u00eda General de la Naci\u00f3n, Polic\u00eda, secretar\u00edas de Gobierno, de Seguridad Ciudadana y de Posconflicto, subsecretar\u00eda de Catastro, Departamento Administrativo de Planeaci\u00f3n y Unidad Nacional de Restituci\u00f3n de Tierras acordaron adelantar las siguientes acciones:<\/p>\n<ol>\n<li>La Fiscal\u00eda General de la Naci\u00f3n dispondr\u00e1 desde la Unidad Especial de Investigaci\u00f3n un equipo que se encargar\u00e1 de judicializar a los responsables.<\/li>\n<li>La Polic\u00eda, por intermedio del grupo de investigaci\u00f3n criminal acompa\u00f1ar\u00e1 a los l\u00edderes del sector.<\/li>\n<li>Las secretar\u00edas de Posconflicto y Cultura de Paz, de Gobierno y de Seguridad Ciudadana liderar\u00e1n un plan de acompa\u00f1amiento permanente a los l\u00edderes de Urimaco con el objetivo de garantizar la protecci\u00f3n del derecho a la vida.<\/li>\n<li>La secretar\u00eda de Gobierno Municipal convocar\u00e1 a la Mesa de Protecci\u00f3n de L\u00edderes Sociales con el objetivo de exponer el caso e involucrar a los actores necesarios en el plan de protecci\u00f3n a l\u00edderes, que se coordinar\u00e1 con la secretar\u00eda de Posconflicto y Cultura de Paz.<\/li>\n<li>La secretar\u00eda de Gobierno coordinar\u00e1 con el Departamento Administrativo de Planeaci\u00f3n y la subsecretar\u00eda de Catastro Multiprop\u00f3sito la cartograf\u00eda social con el objetivo de definir la ruta de trabajo sobre los procesos de restituci\u00f3n de tierras en Urimaco.<\/li>\n<li>El alcalde Jairo Y\u00e1\u00f1ez convocar\u00e1 al Consejo de Seguridad en Urimaco, en compa\u00f1\u00eda del alcalde de San Cayetano.<\/li>\n<\/ol>\n","protected":false},"excerpt":{"rendered":"<p>C\u00daCUTA.- La Fiscal\u00eda y la Polic\u00eda adelantar\u00e1n las investigaciones pertinentes para esclarecer el homicidio de la lideresa ambiental de Urimaco, Diana Rodr\u00edguez. La administraci\u00f3n municipal convoc\u00f3 a una mesa extraordinaria de seguridad con el objetivo de definir medidas que permitan iniciar la ruta de judicializaci\u00f3n de los responsables del crimen. El alcalde Jairo Y\u00e1\u00f1ez lament\u00f3 &hellip;<\/p>\n","protected":false},"author":1,"featured_media":38568,"comment_status":"open","ping_status":"open","sticky":false,"template":"","format":"standard","meta":{"footnotes":""},"categories":[2625,11,4],"tags":[226,3461],"class_list":["post-38567","post","type-post","status-publish","format-standard","has-post-thumbnail","hentry","category-alcaldia-de-cucuta","category-cronica-roja","category-barra","tag-alcaldia-de-cucuta","tag-urimaco"],"_links":{"self":[{"href":"https:\/\/contraluzcucuta.co\/index.php?rest_route=\/wp\/v2\/posts\/38567","targetHints":{"allow":["GET"]}}],"collection":[{"href":"https:\/\/contraluzcucuta.co\/index.php?rest_route=\/wp\/v2\/posts"}],"about":[{"href":"https:\/\/contraluzcucuta.co\/index.php?rest_route=\/wp\/v2\/types\/post"}],"author":[{"embeddable":true,"href":"https:\/\/contraluzcucuta.co\/index.php?rest_route=\/wp\/v2\/users\/1"}],"replies":[{"embeddable":true,"href":"https:\/\/contraluzcucuta.co\/index.php?rest_route=%2Fwp%2Fv2%2Fcomments&post=38567"}],"version-history":[{"count":1,"href":"https:\/\/contraluzcucuta.co\/index.php?rest_route=\/wp\/v2\/posts\/38567\/revisions"}],"predecessor-version":[{"id":38570,"href":"https:\/\/contraluzcucuta.co\/index.php?rest_route=\/wp\/v2\/posts\/38567\/revisions\/38570"}],"wp:featuredmedia":[{"embeddable":true,"href":"https:\/\/contraluzcucuta.co\/index.php?rest_route=\/wp\/v2\/media\/38568"}],"wp:attachment":[{"href":"https:\/\/contraluzcucuta.co\/index.php?rest_route=%2Fwp%2Fv2%2Fmedia&parent=38567"}],"wp:term":[{"taxonomy":"category","embeddable":true,"href":"https:\/\/contraluzcucuta.co\/index.php?rest_route=%2Fwp%2Fv2%2Fcategories&post=38567"},{"taxonomy":"post_tag","embeddable":true,"href":"https:\/\/contraluzcucuta.co\/index.php?rest_route=%2Fwp%2Fv2%2Ftags&post=38567"}],"curies":[{"name":"wp","href":"https:\/\/api.w.org\/{rel}","templated":true}]}}