{"id":38563,"date":"2023-04-11T08:19:24","date_gmt":"2023-04-11T13:19:24","guid":{"rendered":"http:\/\/contraluzcucuta.co\/?p=38563"},"modified":"2023-04-11T08:19:24","modified_gmt":"2023-04-11T13:19:24","slug":"movilidad-segura-mil-vehiculos-por-hora-ingresaron-a-cucuta-en-semana-santa","status":"publish","type":"post","link":"https:\/\/contraluzcucuta.co\/?p=38563","title":{"rendered":"MOVILIDAD SEGURA. Mil veh\u00edculos por hora ingresaron a C\u00facuta, en Semana Santa"},"content":{"rendered":"<p style=\"padding-left: 40px; text-align: right;\"><strong><span style=\"color: #ff9900;\">C\u00daCUTA.- Cerca de mil automotores por hora ingresaron a la ciudad por los diferentes corredores viales, durante el puente de Semana Santa, seg\u00fan informe de la Secretar\u00eda de Tr\u00e1nsito. En ese periodo, 83.000 veh\u00edculos salieron de C\u00facuta y su territorio metropolitano, lo que signific\u00f3 la disminuci\u00f3n en 20 % de automotores en las v\u00edas de la ciudad.<\/span><\/strong><\/p>\n<p>En cuanto a accidentes de tr\u00e1nsito, ocurri\u00f3 una docena de siniestros viales, con un fallecido y 10 lesionados. La disminuci\u00f3n de casos fue mayor al 80 % en comparaci\u00f3n con 2022, lo que indica una mejora en los h\u00e1bitos de conducci\u00f3n y un compromiso con la seguridad vial.<\/p>\n<p>\u201cLa movilidad segura es un trabajo de todos. Nuestro deber es fomentar un ambiente de convivencia pac\u00edfica en las v\u00edas\u201d, dijo el alcalde Jairo Y\u00e1\u00f1ez.<\/p>\n<p><a href=\"https:\/\/contraluzcucuta.co\/wp-content\/uploads\/2023\/04\/TRANSITO-2.jpg\"><img loading=\"lazy\" decoding=\"async\" class=\"alignnone size-medium wp-image-38565 alignleft\" src=\"https:\/\/contraluzcucuta.co\/wp-content\/uploads\/2023\/04\/TRANSITO-2-300x225.jpg\" alt=\"\" width=\"300\" height=\"225\" srcset=\"https:\/\/contraluzcucuta.co\/wp-content\/uploads\/2023\/04\/TRANSITO-2-300x225.jpg 300w, https:\/\/contraluzcucuta.co\/wp-content\/uploads\/2023\/04\/TRANSITO-2-600x450.jpg 600w, https:\/\/contraluzcucuta.co\/wp-content\/uploads\/2023\/04\/TRANSITO-2-768x576.jpg 768w, https:\/\/contraluzcucuta.co\/wp-content\/uploads\/2023\/04\/TRANSITO-2.jpg 1024w\" sizes=\"auto, (max-width: 300px) 100vw, 300px\" \/><\/a><\/p>\n<p>La Seccional de Tr\u00e1nsito y Transporte de la Polic\u00eda, como apoyo operativo de la Alcald\u00eda, monitore\u00f3 el plan retorno y dispuso de agentes en puntos estrat\u00e9gicos para facilitar y velar por la seguridad de cucute\u00f1os y vecinos del \u00c1rea Metropolitana. Tambi\u00e9n, se cumpli\u00f3 con la normatividad de veh\u00edculos de carga, lo que permiti\u00f3 que no hubiera inconvenientes en el periodo festivo.<\/p>\n<p>Mayid Gene, secretario de Tr\u00e1nsito, resalt\u00f3 el comportamiento de los ciudadanos al ser conscientes de las medidas activas\/pasivas para el manejo seguro de veh\u00edculos y no consumo de alcohol al conducir. \u201cCerca de mil automotores por hora ingresaron a la ciudad por los diferentes corredores viales, donde est\u00e1n garantizados los pasos y controles para un seguro retorno a sus hogares\u201d, afirm\u00f3<\/p>\n<p>La Alcald\u00eda de San Jos\u00e9 de C\u00facuta agradeci\u00f3 a los cucute\u00f1os el comportamiento durante esta Semana Santa y les invita a seguir trabajando juntos para salvaguardar la vidas de los conductores y transe\u00fantes en las v\u00edas.<\/p>\n","protected":false},"excerpt":{"rendered":"<p>C\u00daCUTA.- Cerca de mil automotores por hora ingresaron a la ciudad por los diferentes corredores viales, durante el puente de Semana Santa, seg\u00fan informe de la Secretar\u00eda de Tr\u00e1nsito. En ese periodo, 83.000 veh\u00edculos salieron de C\u00facuta y su territorio metropolitano, lo que signific\u00f3 la disminuci\u00f3n en 20 % de automotores en las v\u00edas de &hellip;<\/p>\n","protected":false},"author":1,"featured_media":38564,"comment_status":"open","ping_status":"open","sticky":false,"template":"","format":"standard","meta":{"footnotes":""},"categories":[2625,4],"tags":[226,5579,5590],"class_list":["post-38563","post","type-post","status-publish","format-standard","has-post-thumbnail","hentry","category-alcaldia-de-cucuta","category-barra","tag-alcaldia-de-cucuta","tag-semana-santa-2023","tag-transito-y-transportes"],"_links":{"self":[{"href":"https:\/\/contraluzcucuta.co\/index.php?rest_route=\/wp\/v2\/posts\/38563","targetHints":{"allow":["GET"]}}],"collection":[{"href":"https:\/\/contraluzcucuta.co\/index.php?rest_route=\/wp\/v2\/posts"}],"about":[{"href":"https:\/\/contraluzcucuta.co\/index.php?rest_route=\/wp\/v2\/types\/post"}],"author":[{"embeddable":true,"href":"https:\/\/contraluzcucuta.co\/index.php?rest_route=\/wp\/v2\/users\/1"}],"replies":[{"embeddable":true,"href":"https:\/\/contraluzcucuta.co\/index.php?rest_route=%2Fwp%2Fv2%2Fcomments&post=38563"}],"version-history":[{"count":1,"href":"https:\/\/contraluzcucuta.co\/index.php?rest_route=\/wp\/v2\/posts\/38563\/revisions"}],"predecessor-version":[{"id":38566,"href":"https:\/\/contraluzcucuta.co\/index.php?rest_route=\/wp\/v2\/posts\/38563\/revisions\/38566"}],"wp:featuredmedia":[{"embeddable":true,"href":"https:\/\/contraluzcucuta.co\/index.php?rest_route=\/wp\/v2\/media\/38564"}],"wp:attachment":[{"href":"https:\/\/contraluzcucuta.co\/index.php?rest_route=%2Fwp%2Fv2%2Fmedia&parent=38563"}],"wp:term":[{"taxonomy":"category","embeddable":true,"href":"https:\/\/contraluzcucuta.co\/index.php?rest_route=%2Fwp%2Fv2%2Fcategories&post=38563"},{"taxonomy":"post_tag","embeddable":true,"href":"https:\/\/contraluzcucuta.co\/index.php?rest_route=%2Fwp%2Fv2%2Ftags&post=38563"}],"curies":[{"name":"wp","href":"https:\/\/api.w.org\/{rel}","templated":true}]}}