{"id":38556,"date":"2023-04-08T12:07:25","date_gmt":"2023-04-08T17:07:25","guid":{"rendered":"http:\/\/contraluzcucuta.co\/?p=38556"},"modified":"2023-04-08T12:07:25","modified_gmt":"2023-04-08T17:07:25","slug":"viacrucis-diocesano-recorrido-de-fe-penitencia-y-esperanza","status":"publish","type":"post","link":"https:\/\/contraluzcucuta.co\/?p=38556","title":{"rendered":"VIACRUCIS DIOCESANO. Recorrido de fe, penitencia y esperanza"},"content":{"rendered":"<p style=\"padding-left: 40px; text-align: right;\"><strong><span style=\"color: #ff9900;\">C\u00daCUTA.- M\u00e1s de 1000 peregrinos participaron en el tradicional Viacrucis diocesano, que la Iglesia Particular de C\u00facuta convoca cada Viernes Santo. El fin es caminar como pueblo de Dios, en un extenso recorrido, y ofrecer desde primera hora de la ma\u00f1ana este sacrificio, ayuno y oraci\u00f3n, por el misterio de la Cruz.<\/span><\/strong><\/p>\n<p>La Diagonal Santander fue el sitio de encuentro. Monse\u00f1or Jos\u00e9 Libardo Garc\u00e9s se\u00f1al\u00f3 que \u201csomos peregrinos\u2026 vamos hacia el Cielo y nuestra vida de creyentes, tiene momentos de gracia, que nos permiten renovar esta peregrinaci\u00f3n\u201d. Un momento de gracia es rezar con disposici\u00f3n y devoci\u00f3n el Santo Viacrucis el Viernes Santo. La Iglesia Cat\u00f3lica concede indulgencia plenaria, es decir, el perd\u00f3n de toda falta, para la renovaci\u00f3n de la vida.<\/p>\n<p>A las 6:00 de la ma\u00f1ana, comenz\u00f3 el recorrido de fe, penitencia y esperanza, con participaci\u00f3n de seminaristas, religiosos y fieles bautizados, que contemplaron el sufrimiento del Se\u00f1or camino al Calvario. Este sufrimiento se asume en cada una de las realidades propias y comunitarias, teniendo la certeza que Jes\u00fas consuela y salva.<\/p>\n<p><a href=\"https:\/\/contraluzcucuta.co\/wp-content\/uploads\/2023\/04\/VIACRUCIS-2.jpg\"><img loading=\"lazy\" decoding=\"async\" class=\"alignnone size-medium wp-image-38558\" src=\"https:\/\/contraluzcucuta.co\/wp-content\/uploads\/2023\/04\/VIACRUCIS-2-300x182.jpg\" alt=\"\" width=\"300\" height=\"182\" srcset=\"https:\/\/contraluzcucuta.co\/wp-content\/uploads\/2023\/04\/VIACRUCIS-2-300x182.jpg 300w, https:\/\/contraluzcucuta.co\/wp-content\/uploads\/2023\/04\/VIACRUCIS-2-600x364.jpg 600w, https:\/\/contraluzcucuta.co\/wp-content\/uploads\/2023\/04\/VIACRUCIS-2-768x466.jpg 768w, https:\/\/contraluzcucuta.co\/wp-content\/uploads\/2023\/04\/VIACRUCIS-2.jpg 805w\" sizes=\"auto, (max-width: 300px) 100vw, 300px\" \/><\/a>Monse\u00f1or Garc\u00e9s Monsalve, en nombre de la Di\u00f3cesis de C\u00facuta, extendi\u00f3 el fraterno agradecimiento a las autoridades militares que se unieron a esta peregrinaci\u00f3n, Polic\u00eda, Defensa Civil, Bomberos y nazarenos de esta Iglesia Particular, por estar atentos y prestar un servicio de log\u00edstica y seguridad.<\/p>\n<p>El Santo Viacrucis estuvo presidido por el obispo de la Di\u00f3cesis de C\u00facuta, monse\u00f1or Jos\u00e9 Libardo Garc\u00e9s Monsalve; los sacerdotes Wilmer Alberto Maldonado Arias, formador del Seminario Mayor San Jos\u00e9 C\u00facuta; Antonio Caballero Pe\u00f1aloza, vicario de la Catedral San Jos\u00e9, y Fabi\u00e1n Staper Carvajal, p\u00e1rroco de la comunidad Divino Ni\u00f1o (Villa del Rosario), lugar donde se ubic\u00f3 la d\u00e9cimo cuarta estaci\u00f3n.<\/p>\n","protected":false},"excerpt":{"rendered":"<p>C\u00daCUTA.- M\u00e1s de 1000 peregrinos participaron en el tradicional Viacrucis diocesano, que la Iglesia Particular de C\u00facuta convoca cada Viernes Santo. El fin es caminar como pueblo de Dios, en un extenso recorrido, y ofrecer desde primera hora de la ma\u00f1ana este sacrificio, ayuno y oraci\u00f3n, por el misterio de la Cruz. La Diagonal Santander &hellip;<\/p>\n","protected":false},"author":1,"featured_media":38557,"comment_status":"open","ping_status":"open","sticky":false,"template":"","format":"standard","meta":{"footnotes":""},"categories":[4,36],"tags":[5153,5579,5589],"class_list":["post-38556","post","type-post","status-publish","format-standard","has-post-thumbnail","hentry","category-barra","category-la-voz-del-pueblo","tag-monsenor-jose-libardo-garces","tag-semana-santa-2023","tag-viacrucis-diocesano"],"_links":{"self":[{"href":"https:\/\/contraluzcucuta.co\/index.php?rest_route=\/wp\/v2\/posts\/38556","targetHints":{"allow":["GET"]}}],"collection":[{"href":"https:\/\/contraluzcucuta.co\/index.php?rest_route=\/wp\/v2\/posts"}],"about":[{"href":"https:\/\/contraluzcucuta.co\/index.php?rest_route=\/wp\/v2\/types\/post"}],"author":[{"embeddable":true,"href":"https:\/\/contraluzcucuta.co\/index.php?rest_route=\/wp\/v2\/users\/1"}],"replies":[{"embeddable":true,"href":"https:\/\/contraluzcucuta.co\/index.php?rest_route=%2Fwp%2Fv2%2Fcomments&post=38556"}],"version-history":[{"count":1,"href":"https:\/\/contraluzcucuta.co\/index.php?rest_route=\/wp\/v2\/posts\/38556\/revisions"}],"predecessor-version":[{"id":38559,"href":"https:\/\/contraluzcucuta.co\/index.php?rest_route=\/wp\/v2\/posts\/38556\/revisions\/38559"}],"wp:featuredmedia":[{"embeddable":true,"href":"https:\/\/contraluzcucuta.co\/index.php?rest_route=\/wp\/v2\/media\/38557"}],"wp:attachment":[{"href":"https:\/\/contraluzcucuta.co\/index.php?rest_route=%2Fwp%2Fv2%2Fmedia&parent=38556"}],"wp:term":[{"taxonomy":"category","embeddable":true,"href":"https:\/\/contraluzcucuta.co\/index.php?rest_route=%2Fwp%2Fv2%2Fcategories&post=38556"},{"taxonomy":"post_tag","embeddable":true,"href":"https:\/\/contraluzcucuta.co\/index.php?rest_route=%2Fwp%2Fv2%2Ftags&post=38556"}],"curies":[{"name":"wp","href":"https:\/\/api.w.org\/{rel}","templated":true}]}}