{"id":38549,"date":"2023-04-06T11:36:36","date_gmt":"2023-04-06T16:36:36","guid":{"rendered":"http:\/\/contraluzcucuta.co\/?p=38549"},"modified":"2023-04-06T11:36:36","modified_gmt":"2023-04-06T16:36:36","slug":"diocesis-de-cucuta-35-padres-de-familia-se-graduaron-con-el-proyecto-medios-de-vida-las-delicias-de-la-nina-maria","status":"publish","type":"post","link":"https:\/\/contraluzcucuta.co\/?p=38549","title":{"rendered":"DI\u00d3CESIS DE C\u00daCUTA. 35 padres de familia se graduaron con el proyecto Medios de Vida &#8216;Las Delicias de la Ni\u00f1a Mar\u00eda&#8217;"},"content":{"rendered":"<p style=\"padding-left: 40px; text-align: right;\"><strong><span style=\"color: #ff9900;\">C\u00daCUTA.- Treintaicinco padres de familia, colombianos retornados y migrantes venezolanos, recibieron el diploma que los acredita como la primera promoci\u00f3n del proyecto Medios de Vida &#8216;Las Delicias de la Ni\u00f1a Mar\u00eda&#8217;. El programa los capacit\u00f3 en panader\u00eda, reposter\u00eda y comidas r\u00e1pidas. Los beneficiados tienen a sus ni\u00f1os al cuidado del Asilo Andresen.<\/span><\/strong><\/p>\n<p style=\"padding-left: 40px;\">El Servicio Nacional de Aprendizaje (SENA), tambi\u00e9n, les ofreci\u00f3 la oportunidad de iniciar un curso de empleabilidad en manipulaci\u00f3n de alimentos, mesa y bar. Bancolombia y sus profesionales administrativos los capacitaron en atenci\u00f3n al cliente y asesor\u00eda en proyecto de vida.<\/p>\n<p>Martha Yuleima Le\u00f3n D\u00edaz, coordinadora de Medios de Vida \u2018Las Delicias de la Ni\u00f1a Mar\u00eda\u2019, expres\u00f3 su deseo de que \u201ctodos estos conocimientos saquen a flote el objetivo de este proyecto, y que los graduados tengan su propio emprendimiento o bien, la oportunidad de un empleo\u201d.<\/p>\n<p>Desde la caridad de la Di\u00f3cesis de C\u00facuta y la Fundaci\u00f3n Banco de Alimentos de la Iglesia Particular, se ha materializado la ayuda a las familias vulnerables en torno al fen\u00f3meno de la migraci\u00f3n.<\/p>\n<figure id=\"attachment_38551\" aria-describedby=\"caption-attachment-38551\" style=\"width: 300px\" class=\"wp-caption alignleft\"><a href=\"https:\/\/contraluzcucuta.co\/wp-content\/uploads\/2023\/04\/DELICIAS-DE-LA-NI\u00d1A-MARIA-1.png\"><img loading=\"lazy\" decoding=\"async\" class=\"size-medium wp-image-38551\" src=\"https:\/\/contraluzcucuta.co\/wp-content\/uploads\/2023\/04\/DELICIAS-DE-LA-NI\u00d1A-MARIA-1-300x215.png\" alt=\"\" width=\"300\" height=\"215\" srcset=\"https:\/\/contraluzcucuta.co\/wp-content\/uploads\/2023\/04\/DELICIAS-DE-LA-NI\u00d1A-MARIA-1-300x215.png 300w, https:\/\/contraluzcucuta.co\/wp-content\/uploads\/2023\/04\/DELICIAS-DE-LA-NI\u00d1A-MARIA-1-600x430.png 600w, https:\/\/contraluzcucuta.co\/wp-content\/uploads\/2023\/04\/DELICIAS-DE-LA-NI\u00d1A-MARIA-1-1024x734.png 1024w, https:\/\/contraluzcucuta.co\/wp-content\/uploads\/2023\/04\/DELICIAS-DE-LA-NI\u00d1A-MARIA-1-768x550.png 768w, https:\/\/contraluzcucuta.co\/wp-content\/uploads\/2023\/04\/DELICIAS-DE-LA-NI\u00d1A-MARIA-1.png 1280w\" sizes=\"auto, (max-width: 300px) 100vw, 300px\" \/><\/a><figcaption id=\"caption-attachment-38551\" class=\"wp-caption-text\">Presb\u00edtero Jos\u00e9 Elver Rojas Herrera, director del Asilo Andresen; Monse\u00f1or Jos\u00e9 Libardo Garc\u00e9s Monsalve, Obispo de la Di\u00f3cesis de C\u00facuta; Yolanda Rey de Colmenares, miembro de la junta directiva del Asilo Andresen; Wilmar Manuel Cepeda Basto, director regional del SENA Norte de Santander; Larisa Parra Carrillo, instructora del SENA en mercadeo y publicidad; y Giovani Bola\u00f1os, director de la Corporaci\u00f3n Organizaci\u00f3n Minuto de Dios, para Norte de Santander y Santander.<\/figcaption><\/figure>\n<p>El proyecto cont\u00f3 con apoyo de entidades que llevaron a cabo capacitaciones o enviaron a estudiantes de trabajo social y psicolog\u00eda, para ejecutar con las familias acciones de promoci\u00f3n, prevenci\u00f3n, intervenciones y direccionamiento.<\/p>\n<p>El Obispo de la Di\u00f3cesis de C\u00facuta, monse\u00f1or Jos\u00e9 Libardo Garc\u00e9s, asegur\u00f3 que la Iglesia ha tenido y tendr\u00e1 la mano tendida para \u201cservir a los m\u00e1s pobres y necesitados\u201d, porque es esta \u201cnuestra vocaci\u00f3n\u201d.<\/p>\n<p>La coordinadora del proyecto confirm\u00f3 que se llev\u00f3 a cabo la primera fase (diagn\u00f3stico y acogida) para iniciar un segundo curso, en el que se formar\u00e1n 30 padres de familia, a partir del 10 de abril. Las fases de estos cursos comprenden: Diagn\u00f3stico, formaci\u00f3n y pr\u00e1ctica (elaboraci\u00f3n de productos para comercializar en la panader\u00eda Las Delicias de la Ni\u00f1a Mar\u00eda).<\/p>\n","protected":false},"excerpt":{"rendered":"<p>C\u00daCUTA.- Treintaicinco padres de familia, colombianos retornados y migrantes venezolanos, recibieron el diploma que los acredita como la primera promoci\u00f3n del proyecto Medios de Vida &#8216;Las Delicias de la Ni\u00f1a Mar\u00eda&#8217;. El programa los capacit\u00f3 en panader\u00eda, reposter\u00eda y comidas r\u00e1pidas. Los beneficiados tienen a sus ni\u00f1os al cuidado del Asilo Andresen. El Servicio Nacional &hellip;<\/p>\n","protected":false},"author":1,"featured_media":38550,"comment_status":"open","ping_status":"open","sticky":false,"template":"","format":"standard","meta":{"footnotes":""},"categories":[4,36],"tags":[8,5588,5153],"class_list":["post-38549","post","type-post","status-publish","format-standard","has-post-thumbnail","hentry","category-barra","category-la-voz-del-pueblo","tag-diocesis-de-cucuta","tag-las-delicias-de-la-nina-maria","tag-monsenor-jose-libardo-garces"],"_links":{"self":[{"href":"https:\/\/contraluzcucuta.co\/index.php?rest_route=\/wp\/v2\/posts\/38549","targetHints":{"allow":["GET"]}}],"collection":[{"href":"https:\/\/contraluzcucuta.co\/index.php?rest_route=\/wp\/v2\/posts"}],"about":[{"href":"https:\/\/contraluzcucuta.co\/index.php?rest_route=\/wp\/v2\/types\/post"}],"author":[{"embeddable":true,"href":"https:\/\/contraluzcucuta.co\/index.php?rest_route=\/wp\/v2\/users\/1"}],"replies":[{"embeddable":true,"href":"https:\/\/contraluzcucuta.co\/index.php?rest_route=%2Fwp%2Fv2%2Fcomments&post=38549"}],"version-history":[{"count":1,"href":"https:\/\/contraluzcucuta.co\/index.php?rest_route=\/wp\/v2\/posts\/38549\/revisions"}],"predecessor-version":[{"id":38553,"href":"https:\/\/contraluzcucuta.co\/index.php?rest_route=\/wp\/v2\/posts\/38549\/revisions\/38553"}],"wp:featuredmedia":[{"embeddable":true,"href":"https:\/\/contraluzcucuta.co\/index.php?rest_route=\/wp\/v2\/media\/38550"}],"wp:attachment":[{"href":"https:\/\/contraluzcucuta.co\/index.php?rest_route=%2Fwp%2Fv2%2Fmedia&parent=38549"}],"wp:term":[{"taxonomy":"category","embeddable":true,"href":"https:\/\/contraluzcucuta.co\/index.php?rest_route=%2Fwp%2Fv2%2Fcategories&post=38549"},{"taxonomy":"post_tag","embeddable":true,"href":"https:\/\/contraluzcucuta.co\/index.php?rest_route=%2Fwp%2Fv2%2Ftags&post=38549"}],"curies":[{"name":"wp","href":"https:\/\/api.w.org\/{rel}","templated":true}]}}