{"id":38520,"date":"2023-04-04T11:28:52","date_gmt":"2023-04-04T16:28:52","guid":{"rendered":"http:\/\/contraluzcucuta.co\/?p=38520"},"modified":"2023-04-04T11:28:52","modified_gmt":"2023-04-04T16:28:52","slug":"terminal-de-transportes-51-000-viajeros-entraran-y-saldran-de-cucuta-en-semana-santa","status":"publish","type":"post","link":"https:\/\/contraluzcucuta.co\/?p=38520","title":{"rendered":"TERMINAL DE TRANSPORTES. 51.000 viajeros entrar\u00e1n y saldr\u00e1n de C\u00facuta, en Semana Santa"},"content":{"rendered":"<p style=\"padding-left: 40px; text-align: right;\"><strong><span style=\"color: #ff9900;\">C\u00daCUTA.- La Central de Transportes Estaci\u00f3n C\u00facuta se activa para recibir y brindar un servicio \u00f3ptimo a los usuarios que viajar\u00e1n para pasar un tiempo de descanso con familiares y amigos. Se espera la salida aproximada de 51.000 viajeros en las rutas municipales y nacionales y el ingreso de 40.000, lo que representa un aumento del 30 % con respecto al 2022.<\/span><\/strong><\/p>\n<p>Respecto a la llegada de pasajeros que elegir\u00e1n a C\u00facuta como destino para vacacionar, el alcalde Jairo Y\u00e1\u00f1ez dijo que \u201cestamos haciendo inversiones para transformar nuestra terminal terrestre, en aras de fortalecer el turismo\u201d. Afirm\u00f3 que el prop\u00f3sito es brindar seguridad y recuperar el espacio p\u00fablico en esta zona, golpeada por la delincuencia.<\/p>\n<p><a href=\"https:\/\/contraluzcucuta.co\/wp-content\/uploads\/2023\/04\/CENTRAL-DE-TRANSPORTES-4.jpg\"><img loading=\"lazy\" decoding=\"async\" class=\"alignnone size-medium wp-image-38523 alignleft\" src=\"https:\/\/contraluzcucuta.co\/wp-content\/uploads\/2023\/04\/CENTRAL-DE-TRANSPORTES-4-300x135.jpg\" alt=\"\" width=\"300\" height=\"135\" srcset=\"https:\/\/contraluzcucuta.co\/wp-content\/uploads\/2023\/04\/CENTRAL-DE-TRANSPORTES-4-300x135.jpg 300w, https:\/\/contraluzcucuta.co\/wp-content\/uploads\/2023\/04\/CENTRAL-DE-TRANSPORTES-4-600x270.jpg 600w, https:\/\/contraluzcucuta.co\/wp-content\/uploads\/2023\/04\/CENTRAL-DE-TRANSPORTES-4-1024x461.jpg 1024w, https:\/\/contraluzcucuta.co\/wp-content\/uploads\/2023\/04\/CENTRAL-DE-TRANSPORTES-4-768x345.jpg 768w, https:\/\/contraluzcucuta.co\/wp-content\/uploads\/2023\/04\/CENTRAL-DE-TRANSPORTES-4.jpg 1156w\" sizes=\"auto, (max-width: 300px) 100vw, 300px\" \/><\/a><\/p>\n<p>Las secretar\u00edas de Gobierno y Seguridad Ciudadana, la Polic\u00eda, la Polic\u00eda de Turismo y el Gaula militar lideran operativos de control constantes para ofrecerles seguridad a viajeros y comerciantes. Y\u00e1\u00f1ez inst\u00f3 a los ciudadanos a recuperar la capacidad de denuncia.<\/p>\n<p>El gerente de la Central de Transportes Estaci\u00f3n C\u00facuta (CTEC), Andr\u00e9s Posada, indic\u00f3 que est\u00e1n listos, por intermedio de una empresa privada de vigilancia, la disposici\u00f3n de c\u00e1maras y patrullaje canino antiexplosivos, para darles tranquilidad a los cucute\u00f1os. \u201cEn cuanto a la log\u00edstica, contamos con los servicios de auxiliares operativos, los cuales coordinan el ingreso y la salida de veh\u00edculos\u201d, se\u00f1al\u00f3 el funcionario.<\/p>\n<p>Las 26 empresas operadoras de transporte vinculadas a la CTEC despachar\u00e1n 6700 veh\u00edculos durante la Semana Mayor. Las rutas con mayor afluencia de pasajeros en el departamento son Pamplona, Chin\u00e1cota y Sardinata. La Terminal estar\u00e1 disponible las 24 horas, lunes, martes y mi\u00e9rcoles. El Jueves Santo, la operaci\u00f3n de buses ser\u00e1 hasta la 1:00 de la tarde y se retomar\u00e1 el Viernes Santo la 1:00 de la tarde.<\/p>\n<p><strong>Recomendaciones para los viajeros<\/strong><\/p>\n<ol>\n<li>Comprar los tiquetes dentro de la Terminal o en l\u00ednea.<\/li>\n<li>Tomar el bus dentro de la Terminal de Transporte.<\/li>\n<li>Verificar con las empresas transportadoras las condiciones de viaje para el transporte de mascotas y carga sobredimensionada.<\/li>\n<li>No descuidar a los menores de edad.<\/li>\n<li>No aceptar ayuda de intermediarios.<\/li>\n<li>No dejar abandonadas las maletas y evitar llevar equipaje en exceso.<\/li>\n<li>No llevar acompa\u00f1antes que no vayan a viajar.<\/li>\n<li>Programar el viaje.<\/li>\n<\/ol>\n","protected":false},"excerpt":{"rendered":"<p>C\u00daCUTA.- La Central de Transportes Estaci\u00f3n C\u00facuta se activa para recibir y brindar un servicio \u00f3ptimo a los usuarios que viajar\u00e1n para pasar un tiempo de descanso con familiares y amigos. Se espera la salida aproximada de 51.000 viajeros en las rutas municipales y nacionales y el ingreso de 40.000, lo que representa un aumento &hellip;<\/p>\n","protected":false},"author":1,"featured_media":38521,"comment_status":"open","ping_status":"open","sticky":false,"template":"","format":"standard","meta":{"footnotes":""},"categories":[2625,4,36],"tags":[3862,5579,4838],"class_list":["post-38520","post","type-post","status-publish","format-standard","has-post-thumbnail","hentry","category-alcaldia-de-cucuta","category-barra","category-la-voz-del-pueblo","tag-central-de-transportes-de-cucuta","tag-semana-santa-2023","tag-terminal-de-transportes-de-cucuta"],"_links":{"self":[{"href":"https:\/\/contraluzcucuta.co\/index.php?rest_route=\/wp\/v2\/posts\/38520","targetHints":{"allow":["GET"]}}],"collection":[{"href":"https:\/\/contraluzcucuta.co\/index.php?rest_route=\/wp\/v2\/posts"}],"about":[{"href":"https:\/\/contraluzcucuta.co\/index.php?rest_route=\/wp\/v2\/types\/post"}],"author":[{"embeddable":true,"href":"https:\/\/contraluzcucuta.co\/index.php?rest_route=\/wp\/v2\/users\/1"}],"replies":[{"embeddable":true,"href":"https:\/\/contraluzcucuta.co\/index.php?rest_route=%2Fwp%2Fv2%2Fcomments&post=38520"}],"version-history":[{"count":1,"href":"https:\/\/contraluzcucuta.co\/index.php?rest_route=\/wp\/v2\/posts\/38520\/revisions"}],"predecessor-version":[{"id":38524,"href":"https:\/\/contraluzcucuta.co\/index.php?rest_route=\/wp\/v2\/posts\/38520\/revisions\/38524"}],"wp:featuredmedia":[{"embeddable":true,"href":"https:\/\/contraluzcucuta.co\/index.php?rest_route=\/wp\/v2\/media\/38521"}],"wp:attachment":[{"href":"https:\/\/contraluzcucuta.co\/index.php?rest_route=%2Fwp%2Fv2%2Fmedia&parent=38520"}],"wp:term":[{"taxonomy":"category","embeddable":true,"href":"https:\/\/contraluzcucuta.co\/index.php?rest_route=%2Fwp%2Fv2%2Fcategories&post=38520"},{"taxonomy":"post_tag","embeddable":true,"href":"https:\/\/contraluzcucuta.co\/index.php?rest_route=%2Fwp%2Fv2%2Ftags&post=38520"}],"curies":[{"name":"wp","href":"https:\/\/api.w.org\/{rel}","templated":true}]}}