{"id":38516,"date":"2023-04-04T06:01:06","date_gmt":"2023-04-04T11:01:06","guid":{"rendered":"http:\/\/contraluzcucuta.co\/?p=38516"},"modified":"2023-04-04T06:01:06","modified_gmt":"2023-04-04T11:01:06","slug":"semana-santa-cuidado-con-intoxicaciones-e-insolaciones","status":"publish","type":"post","link":"https:\/\/contraluzcucuta.co\/?p=38516","title":{"rendered":"SEMANA SANTA. Cuidado con intoxicaciones e insolaciones"},"content":{"rendered":"<p style=\"padding-left: 40px; text-align: right;\"><strong><span style=\"color: #ff9900;\">PA\u00cdS.- Colombia es considerado un pa\u00eds de tradiciones en las diferentes \u00e9pocas del a\u00f1o y la Semana Santa no es la excepci\u00f3n. Con ocasi\u00f3n de la pandemia por Covid 19, en los \u00faltimos a\u00f1os las celebraciones fueron at\u00edpicas por la virtualidad que implic\u00f3 cerrar Iglesias, para evitar las acostumbradas aglomeraciones que llevaran a incrementar de manera considerable el aumento de contagios.<\/span><\/strong><\/p>\n<p>Para este a\u00f1o, debido a los bajos \u00edndices de contagio del pa\u00eds, la asistencia presencial a las ceremonias religiosas vuelve a ser tradici\u00f3n, con lo cual las procesiones y afluencias volver\u00e1n a ser el com\u00fan denominador de esta celebraci\u00f3n religiosa.<\/p>\n<p><strong>Intoxicaci\u00f3n por alimentos<\/strong><\/p>\n<p>Una de las actividades que se lleva a cabo en la Semana Santa es la vigilia que, hist\u00f3ricamente, incrementa el consumo de pescado y comida de mar. Por eso es importante tener en cuenta las siguientes recomendaciones que entrega Nueva EPS para evitar posibles intoxicaciones por alimentos en descomposici\u00f3n o mal preparados:<\/p>\n<ol>\n<li>Certifique que el producto provenga de un lugar de confianza, que garantice su idoneidad, desde la procedencia, pasando por el manejo (cadena de frio), hasta la manera como lo comercializan. En dado caso de que se presente un inconveniente, tendr\u00e1 qui\u00e9n le responda.<\/li>\n<li>Espec\u00edficamente en el pescado, debe estar atento a ciertos rasgos que pueden indicar la condici\u00f3n del producto<\/li>\n<li>Si va a viajar\u2026<\/li>\n<\/ol>\n<p><a href=\"https:\/\/contraluzcucuta.co\/wp-content\/uploads\/2023\/04\/SEMANA-SANTA-2.jpeg\"><img loading=\"lazy\" decoding=\"async\" class=\"alignnone size-medium wp-image-38518 alignleft\" src=\"https:\/\/contraluzcucuta.co\/wp-content\/uploads\/2023\/04\/SEMANA-SANTA-2-300x200.jpeg\" alt=\"\" width=\"300\" height=\"200\" srcset=\"https:\/\/contraluzcucuta.co\/wp-content\/uploads\/2023\/04\/SEMANA-SANTA-2-300x200.jpeg 300w, https:\/\/contraluzcucuta.co\/wp-content\/uploads\/2023\/04\/SEMANA-SANTA-2-600x400.jpeg 600w, https:\/\/contraluzcucuta.co\/wp-content\/uploads\/2023\/04\/SEMANA-SANTA-2-1024x682.jpeg 1024w, https:\/\/contraluzcucuta.co\/wp-content\/uploads\/2023\/04\/SEMANA-SANTA-2-768x512.jpeg 768w, https:\/\/contraluzcucuta.co\/wp-content\/uploads\/2023\/04\/SEMANA-SANTA-2.jpeg 1280w\" sizes=\"auto, (max-width: 300px) 100vw, 300px\" \/><\/a><\/p>\n<p><strong>Si va a viajar\u2026<\/strong><\/p>\n<p>La Semana Santa tambi\u00e9n es considerada la segunda temporada vacacional m\u00e1s importante, despu\u00e9s del receso de fin de a\u00f1o. Para aquellos en los que estos d\u00edas se convierten en la ocasi\u00f3n perfecta ideal para vacacionar se dan a conocer algunas recomendaciones, que recuerdan la importancia de reforzar las medidas preventivas de salud:<\/p>\n<ol>\n<li>Evite la exposici\u00f3n prolongada al sol y use bloqueador solar de manera reiterada teniendo especial cuidado en la piel de los menores. Apl\u00edquelo 30 minutos antes de cada exposici\u00f3n y renu\u00e9velo cada 2 horas.<\/li>\n<li>Tome m\u00e1s l\u00edquidos de los que acostumbra para evitar deshidrataci\u00f3n por las altas temperaturas.<\/li>\n<li>Procure no exponerse al sol durante las horas de mayor radiaci\u00f3n que por lo general suele ser entre 11:00 de la ma\u00f1ana y 3:00 de la tarde.<\/li>\n<li>Evite dejar solos a los ni\u00f1os mientras est\u00e1n en la piscina o en el mar, para evitar ahogamientos o ca\u00eddas que represente peligro para la vida.<\/li>\n<\/ol>\n<p>&nbsp;<\/p>\n","protected":false},"excerpt":{"rendered":"<p>PA\u00cdS.- Colombia es considerado un pa\u00eds de tradiciones en las diferentes \u00e9pocas del a\u00f1o y la Semana Santa no es la excepci\u00f3n. Con ocasi\u00f3n de la pandemia por Covid 19, en los \u00faltimos a\u00f1os las celebraciones fueron at\u00edpicas por la virtualidad que implic\u00f3 cerrar Iglesias, para evitar las acostumbradas aglomeraciones que llevaran a incrementar de &hellip;<\/p>\n","protected":false},"author":1,"featured_media":38517,"comment_status":"open","ping_status":"open","sticky":false,"template":"","format":"standard","meta":{"footnotes":""},"categories":[4,5578],"tags":[5579,280],"class_list":["post-38516","post","type-post","status-publish","format-standard","has-post-thumbnail","hentry","category-barra","category-semana-santa","tag-semana-santa-2023","tag-semana-santa-en-cucuta"],"_links":{"self":[{"href":"https:\/\/contraluzcucuta.co\/index.php?rest_route=\/wp\/v2\/posts\/38516","targetHints":{"allow":["GET"]}}],"collection":[{"href":"https:\/\/contraluzcucuta.co\/index.php?rest_route=\/wp\/v2\/posts"}],"about":[{"href":"https:\/\/contraluzcucuta.co\/index.php?rest_route=\/wp\/v2\/types\/post"}],"author":[{"embeddable":true,"href":"https:\/\/contraluzcucuta.co\/index.php?rest_route=\/wp\/v2\/users\/1"}],"replies":[{"embeddable":true,"href":"https:\/\/contraluzcucuta.co\/index.php?rest_route=%2Fwp%2Fv2%2Fcomments&post=38516"}],"version-history":[{"count":1,"href":"https:\/\/contraluzcucuta.co\/index.php?rest_route=\/wp\/v2\/posts\/38516\/revisions"}],"predecessor-version":[{"id":38519,"href":"https:\/\/contraluzcucuta.co\/index.php?rest_route=\/wp\/v2\/posts\/38516\/revisions\/38519"}],"wp:featuredmedia":[{"embeddable":true,"href":"https:\/\/contraluzcucuta.co\/index.php?rest_route=\/wp\/v2\/media\/38517"}],"wp:attachment":[{"href":"https:\/\/contraluzcucuta.co\/index.php?rest_route=%2Fwp%2Fv2%2Fmedia&parent=38516"}],"wp:term":[{"taxonomy":"category","embeddable":true,"href":"https:\/\/contraluzcucuta.co\/index.php?rest_route=%2Fwp%2Fv2%2Fcategories&post=38516"},{"taxonomy":"post_tag","embeddable":true,"href":"https:\/\/contraluzcucuta.co\/index.php?rest_route=%2Fwp%2Fv2%2Ftags&post=38516"}],"curies":[{"name":"wp","href":"https:\/\/api.w.org\/{rel}","templated":true}]}}