{"id":38513,"date":"2023-04-02T09:49:12","date_gmt":"2023-04-02T14:49:12","guid":{"rendered":"http:\/\/contraluzcucuta.co\/?p=38513"},"modified":"2023-04-02T10:31:12","modified_gmt":"2023-04-02T15:31:12","slug":"domingo-de-ramos-entrada-de-jesucristo-a-jerusalen-y-su-aclamacion-como-hijo-de-dios","status":"publish","type":"post","link":"https:\/\/contraluzcucuta.co\/?p=38513","title":{"rendered":"DOMINGO DE RAMOS. Entrada de Jesucristo a Jerusal\u00e9n y su aclamaci\u00f3n como hijo de Dios"},"content":{"rendered":"<p style=\"padding-left: 40px; text-align: right;\"><strong><span style=\"color: #ff9900;\">Es el sexto domingo de la Cuaresma, que da inicio a la Semana Santa. Tambi\u00e9n este d\u00eda es conocido como Domingo de Pasi\u00f3n, debido al relato de la Pasi\u00f3n de Cristo, recordando el hecho hist\u00f3rico de la crucifixi\u00f3n de Jes\u00fas.<\/span><\/strong><\/p>\n<p>De acuerdo con el documento del Vaticano &#8220;Carta circular sobre la preparaci\u00f3n y la celebraci\u00f3n de las fiestas pascuales&#8221; publicado en el a\u00f1o 1988, el Domingo de Ramos &#8220;comprende a la vez el presagio del triunfo real de Cristo y el anuncio de la Pasi\u00f3n&#8221;. Por otra parte este documento se\u00f1ala que &#8220;La relaci\u00f3n entre los dos aspectos del misterio pascual se han de evidenciar en la celebraci\u00f3n en la catequesis del d\u00eda&#8221;.<\/p>\n<p>La eucarist\u00eda del Domingo de Ramos tiene dos momentos importantes: la procesi\u00f3n y la bendici\u00f3n de las palmas por el sacerdote. Asimismo, se destaca la lectura de la palabra que evoca la Pasi\u00f3n del Se\u00f1or.<\/p>\n<p>En las sagradas escrituras, los evangelios de Mateo (cap\u00edtulo 21) y Marcos (cap\u00edtulo 11) del Nuevo Testamento se\u00f1alan que Jes\u00fas de Nazareth entr\u00f3 a Jerusal\u00e9n montado en un asno. Fue aclamado como Rey y Mes\u00edas por parte de sus seguidores, extendiendo mantos, ramos de olivo y de palma a su paso y aclamando \u00a1Bendito el que viene en el nombre del Se\u00f1or! \u00a1Hossana en las alturas!<\/p>\n<p>Seg\u00fan la fe cristiana, los ramos de palma constituyen el s\u00edmbolo de la renovaci\u00f3n de la fe en Dios, as\u00ed como de la vida y resurrecci\u00f3n de Jesucristo. La bendici\u00f3n de las palmas se efect\u00faa con anterioridad a la procesi\u00f3n. Es una costumbre por parte de los devotos de la tradici\u00f3n cristiana guardar ramos de palmas bendecidos en sus hogares, los cuales simbolizan la victoria pascual de Jesucristo.<\/p>\n<p><strong>Algunos datos interesantes <\/strong><\/p>\n<ul>\n<li>La denominaci\u00f3n de esta celebraci\u00f3n religiosa obedece a que Jes\u00fas fue obsequiado con ramos de palma y olivo, a su llegada a Jerusal\u00e9n.<\/li>\n<li>El color lit\u00fargico del Domingo de Ramos es el rojo, que representa la Pasi\u00f3n del Se\u00f1or.<\/li>\n<li>Se estima que existen aproximadamente 2600 especies de palmas, siendo la palma de cera la m\u00e1s utilizada para la celebraci\u00f3n del Domingo de Ramos. Esta especie solo puede sobrevivir en climas tropicales o subtropicales.<\/li>\n<li>En aquellos lugares donde no se pueden ubicar palmas o si se encuentran en peligro de extinci\u00f3n se utiliza en su lugar ramas de olivo, sa\u00faco, abeto o de otros \u00e1rboles.<\/li>\n<li>La palma es considerada un s\u00edmbolo de fecundidad y riqueza, en especial para el pueblo jud\u00edo.<\/li>\n<li>Las palmas bendecidas que no han sido utilizadas se queman y sus cenizas se utilizan en la celebraci\u00f3n del Mi\u00e9rcoles de Ceniza.<\/li>\n<li>En Estados Unidos y Canad\u00e1 se cosechan las palmas de manera sostenible, a fin de reducir el impacto ecol\u00f3gico.<\/li>\n<\/ul>\n<p>diainternacionalde.com<\/p>\n","protected":false},"excerpt":{"rendered":"<p>Es el sexto domingo de la Cuaresma, que da inicio a la Semana Santa. Tambi\u00e9n este d\u00eda es conocido como Domingo de Pasi\u00f3n, debido al relato de la Pasi\u00f3n de Cristo, recordando el hecho hist\u00f3rico de la crucifixi\u00f3n de Jes\u00fas. De acuerdo con el documento del Vaticano &#8220;Carta circular sobre la preparaci\u00f3n y la celebraci\u00f3n &hellip;<\/p>\n","protected":false},"author":1,"featured_media":38514,"comment_status":"open","ping_status":"open","sticky":false,"template":"","format":"standard","meta":{"footnotes":""},"categories":[45,4,5578],"tags":[256,5579],"class_list":["post-38513","post","type-post","status-publish","format-standard","has-post-thumbnail","hentry","category-destacado","category-barra","category-semana-santa","tag-domingo-de-ramos","tag-semana-santa-2023"],"_links":{"self":[{"href":"https:\/\/contraluzcucuta.co\/index.php?rest_route=\/wp\/v2\/posts\/38513","targetHints":{"allow":["GET"]}}],"collection":[{"href":"https:\/\/contraluzcucuta.co\/index.php?rest_route=\/wp\/v2\/posts"}],"about":[{"href":"https:\/\/contraluzcucuta.co\/index.php?rest_route=\/wp\/v2\/types\/post"}],"author":[{"embeddable":true,"href":"https:\/\/contraluzcucuta.co\/index.php?rest_route=\/wp\/v2\/users\/1"}],"replies":[{"embeddable":true,"href":"https:\/\/contraluzcucuta.co\/index.php?rest_route=%2Fwp%2Fv2%2Fcomments&post=38513"}],"version-history":[{"count":1,"href":"https:\/\/contraluzcucuta.co\/index.php?rest_route=\/wp\/v2\/posts\/38513\/revisions"}],"predecessor-version":[{"id":38515,"href":"https:\/\/contraluzcucuta.co\/index.php?rest_route=\/wp\/v2\/posts\/38513\/revisions\/38515"}],"wp:featuredmedia":[{"embeddable":true,"href":"https:\/\/contraluzcucuta.co\/index.php?rest_route=\/wp\/v2\/media\/38514"}],"wp:attachment":[{"href":"https:\/\/contraluzcucuta.co\/index.php?rest_route=%2Fwp%2Fv2%2Fmedia&parent=38513"}],"wp:term":[{"taxonomy":"category","embeddable":true,"href":"https:\/\/contraluzcucuta.co\/index.php?rest_route=%2Fwp%2Fv2%2Fcategories&post=38513"},{"taxonomy":"post_tag","embeddable":true,"href":"https:\/\/contraluzcucuta.co\/index.php?rest_route=%2Fwp%2Fv2%2Ftags&post=38513"}],"curies":[{"name":"wp","href":"https:\/\/api.w.org\/{rel}","templated":true}]}}