{"id":38501,"date":"2023-03-31T08:17:16","date_gmt":"2023-03-31T13:17:16","guid":{"rendered":"http:\/\/contraluzcucuta.co\/?p=38501"},"modified":"2023-03-31T08:17:16","modified_gmt":"2023-03-31T13:17:16","slug":"mujeres-tejedoras-de-vida-reconocimiento-en-norte-de-santander-a-victimas-del-conflicto-armado","status":"publish","type":"post","link":"https:\/\/contraluzcucuta.co\/?p=38501","title":{"rendered":"MUJERES TEJEDORAS DE VIDA. Reconocimiento, en Norte de Santander, a v\u00edctimas del conflicto armado"},"content":{"rendered":"<p style=\"padding-left: 40px; text-align: right;\"><strong><span style=\"color: #ff9900;\">BOGOT\u00c1.- Los colectivos de mujeres (o liderados por mujeres) de Norte de Santander que deseen ser parte del programa Mujeres Tejedoras de Vida tendr\u00e1n hasta el 21 de abril para enviar las propuestas a la Direcci\u00f3n de Estrategia, Desarrollo y Emprendimiento del Ministerio de Cultura.<\/span><\/strong><\/p>\n<p>El objetivo es reconocer y fortalecer las pr\u00e1cticas y expresiones art\u00edsticas, culturales y creativas de las v\u00edctimas del conflicto armado o en condici\u00f3n de vulnerabilidad. El programa, tambi\u00e9n llegar\u00e1 a Putumayo, Guaviare, Caquet\u00e1, Vichada, Guain\u00eda, Vaup\u00e9s, Arauca, Casanare y Santander.<\/p>\n<p>\u201cEste Programa contribuye a la preservaci\u00f3n de las culturas, las artes y los saberes de los territorios a trav\u00e9s del proceso de fortalecimiento de las iniciativas de econom\u00eda popular de los colectivos de mujeres\u201d, dijo el ministro de cultura (e) Jorge Ignacio Zorro.<\/p>\n<p>La Econom\u00eda Popular en las culturas, las artes y los saberes son aquellas pr\u00e1cticas y expresiones art\u00edsticas, culturales y creativas que colectivos, organizaciones, pueblos, comunidades, familias e individuos han desarrollado por generaciones para dar respuesta a sus necesidades y enfoc\u00e1ndose en la sostenibilidad de una vida digna.<\/p>\n<p>Mujeres Tejedoras de Vida naci\u00f3, en el 2012, con el objetivo de acompa\u00f1ar los procesos e iniciativas de las mujeres v\u00edctimas del conflicto<\/p>\n<p>armado que desde la asociatividad han fortalecido los v\u00ednculos territoriales y comunitarios. Con este programa han recibido apoyo psicosocial, asesor\u00eda y acompa\u00f1amiento t\u00e9cnico, formaci\u00f3n en habilidades blandas y con enfoque de g\u00e9nero, m\u00e1s de 2000 mujeres colombianas que construyen tejido social y, preservando los saberes y oficios tradicionales de sus territorios, mejoran la calidad de vida de sus familias.<\/p>\n<p>El programa de la Direcci\u00f3n de Estrategia, Desarrollo y Emprendimiento del Ministerio de Cultura se propone ahora reconocer y fortalecer en nuevos territorios las iniciativas relacionas a las culturales, las artes y los saberes.<\/p>\n<p>Uno de los prop\u00f3sitos ser\u00e1 brindar a los colectivos herramientas para participar en espacios de circulaci\u00f3n y comercializaci\u00f3n buscando generar<\/p>\n<p>fuentes de ingresos que den sostenibilidad a los proyectos, y contando las<\/p>\n<p>historias de quienes hace econom\u00eda popular en las culturas, las artes y los<\/p>\n<p>saberes.<\/p>\n<p>Formulario de inscripci\u00f3n:<\/p>\n<p><a href=\"https:\/\/form.jotform.com\/230645975429063\">https:\/\/form.jotform.com\/230645975429063<\/a><\/p>\n<p>@mincultura<\/p>\n","protected":false},"excerpt":{"rendered":"<p>BOGOT\u00c1.- Los colectivos de mujeres (o liderados por mujeres) de Norte de Santander que deseen ser parte del programa Mujeres Tejedoras de Vida tendr\u00e1n hasta el 21 de abril para enviar las propuestas a la Direcci\u00f3n de Estrategia, Desarrollo y Emprendimiento del Ministerio de Cultura. El objetivo es reconocer y fortalecer las pr\u00e1cticas y expresiones &hellip;<\/p>\n","protected":false},"author":1,"featured_media":38502,"comment_status":"open","ping_status":"open","sticky":false,"template":"","format":"standard","meta":{"footnotes":""},"categories":[45,4],"tags":[3715,5572],"class_list":["post-38501","post","type-post","status-publish","format-standard","has-post-thumbnail","hentry","category-destacado","category-barra","tag-mincultura","tag-mujeres-tejedoras-de-vida"],"_links":{"self":[{"href":"https:\/\/contraluzcucuta.co\/index.php?rest_route=\/wp\/v2\/posts\/38501","targetHints":{"allow":["GET"]}}],"collection":[{"href":"https:\/\/contraluzcucuta.co\/index.php?rest_route=\/wp\/v2\/posts"}],"about":[{"href":"https:\/\/contraluzcucuta.co\/index.php?rest_route=\/wp\/v2\/types\/post"}],"author":[{"embeddable":true,"href":"https:\/\/contraluzcucuta.co\/index.php?rest_route=\/wp\/v2\/users\/1"}],"replies":[{"embeddable":true,"href":"https:\/\/contraluzcucuta.co\/index.php?rest_route=%2Fwp%2Fv2%2Fcomments&post=38501"}],"version-history":[{"count":1,"href":"https:\/\/contraluzcucuta.co\/index.php?rest_route=\/wp\/v2\/posts\/38501\/revisions"}],"predecessor-version":[{"id":38503,"href":"https:\/\/contraluzcucuta.co\/index.php?rest_route=\/wp\/v2\/posts\/38501\/revisions\/38503"}],"wp:featuredmedia":[{"embeddable":true,"href":"https:\/\/contraluzcucuta.co\/index.php?rest_route=\/wp\/v2\/media\/38502"}],"wp:attachment":[{"href":"https:\/\/contraluzcucuta.co\/index.php?rest_route=%2Fwp%2Fv2%2Fmedia&parent=38501"}],"wp:term":[{"taxonomy":"category","embeddable":true,"href":"https:\/\/contraluzcucuta.co\/index.php?rest_route=%2Fwp%2Fv2%2Fcategories&post=38501"},{"taxonomy":"post_tag","embeddable":true,"href":"https:\/\/contraluzcucuta.co\/index.php?rest_route=%2Fwp%2Fv2%2Ftags&post=38501"}],"curies":[{"name":"wp","href":"https:\/\/api.w.org\/{rel}","templated":true}]}}