{"id":38424,"date":"2023-03-09T10:51:49","date_gmt":"2023-03-09T15:51:49","guid":{"rendered":"http:\/\/contraluzcucuta.co\/?p=38424"},"modified":"2023-03-09T10:51:49","modified_gmt":"2023-03-09T15:51:49","slug":"segunda-semana-del-cafe-ocaneros-despertaron-los-sentidos-con-cafes-especiales-de-norte-de-santander","status":"publish","type":"post","link":"https:\/\/contraluzcucuta.co\/?p=38424","title":{"rendered":"SEGUNDA SEMANA DEL CAF\u00c9. Oca\u00f1eros despertaron los sentidos con caf\u00e9s especiales de Norte de Santander"},"content":{"rendered":"<p style=\"padding-left: 40px; text-align: right;\"><strong><span style=\"color: #ff9900;\">C\u00daCUTA. Visitas a instituciones educativas, capacitaciones, talleres, espect\u00e1culos y cataci\u00f3n al parque fueron algunas de las actividades desarrolladas en la Segunda Semana del Caf\u00e9. El objetivo de las jornadas era resaltar el trabajo y la dedicaci\u00f3n de familias cafeteras nortesantandereanas, alrededor de una taza de caf\u00e9, compartida a ni\u00f1os, j\u00f3venes y adultos.<\/span><\/strong><\/p>\n<p>El \u00e9xito alcanzado en la provincia de Oca\u00f1a es resultado del trabajo y la organizaci\u00f3n de varias instituciones, que se unieron para dejar claro que Norte de Santander es la cuna del caf\u00e9 en Colombia.<\/p>\n<p>Los caficultores del departamento asistieron a la XLIV Asamblea General Ordinaria de Delegados de la Cooperativa de Caficultores del Catatumbo. La reuni\u00f3n permiti\u00f3 rendirle homenaje a Mois\u00e9s Quintero G\u00f3mez, por la dedicaci\u00f3n en la b\u00fasqueda del bienestar de las familias cafeteras nortesantandereanas por medio de la econom\u00eda solidaria.<\/p>\n<p>Baristas y catadores profesionales compartieron con el p\u00fablico conocimientos y experiencias relacionados con el caf\u00e9 para motivarlos a despertar el inter\u00e9s por el gremio cafetero.<\/p>\n<p>En la labor participaron la Cooperativa de Caficultores del Catatumbo, la Alcald\u00eda de Oca\u00f1a, la UFPSO, la Federaci\u00f3n Nacional de Cafeteros de Colombia, la Gobernaci\u00f3n de Norte de Santander, las C\u00e1maras de Comercio de Oca\u00f1a, Pamplona y C\u00facuta y el Comit\u00e9 Departamental de Cafeteros de Norte de Santander.<\/p>\n<p>La Segunda Semana del Caf\u00e9 se cumpli\u00f3 del 27 de febrero al 4 de marzo. En esos d\u00edas los habitantes de la provincia de Oca\u00f1a vivieron la experiencia de despertar sus sentidos con los caf\u00e9s que se producen en Norte de Santander.<\/p>\n","protected":false},"excerpt":{"rendered":"<p>C\u00daCUTA. Visitas a instituciones educativas, capacitaciones, talleres, espect\u00e1culos y cataci\u00f3n al parque fueron algunas de las actividades desarrolladas en la Segunda Semana del Caf\u00e9. El objetivo de las jornadas era resaltar el trabajo y la dedicaci\u00f3n de familias cafeteras nortesantandereanas, alrededor de una taza de caf\u00e9, compartida a ni\u00f1os, j\u00f3venes y adultos. El \u00e9xito alcanzado &hellip;<\/p>\n","protected":false},"author":1,"featured_media":38425,"comment_status":"open","ping_status":"open","sticky":false,"template":"","format":"standard","meta":{"footnotes":""},"categories":[4,32],"tags":[5462,2740,5559],"class_list":["post-38424","post","type-post","status-publish","format-standard","has-post-thumbnail","hentry","category-barra","category-recorrido-por-la-region","tag-comite-de-cafeteros","tag-federacion-nacional-de-cafeteros","tag-semana-del-cafe"],"_links":{"self":[{"href":"https:\/\/contraluzcucuta.co\/index.php?rest_route=\/wp\/v2\/posts\/38424","targetHints":{"allow":["GET"]}}],"collection":[{"href":"https:\/\/contraluzcucuta.co\/index.php?rest_route=\/wp\/v2\/posts"}],"about":[{"href":"https:\/\/contraluzcucuta.co\/index.php?rest_route=\/wp\/v2\/types\/post"}],"author":[{"embeddable":true,"href":"https:\/\/contraluzcucuta.co\/index.php?rest_route=\/wp\/v2\/users\/1"}],"replies":[{"embeddable":true,"href":"https:\/\/contraluzcucuta.co\/index.php?rest_route=%2Fwp%2Fv2%2Fcomments&post=38424"}],"version-history":[{"count":1,"href":"https:\/\/contraluzcucuta.co\/index.php?rest_route=\/wp\/v2\/posts\/38424\/revisions"}],"predecessor-version":[{"id":38426,"href":"https:\/\/contraluzcucuta.co\/index.php?rest_route=\/wp\/v2\/posts\/38424\/revisions\/38426"}],"wp:featuredmedia":[{"embeddable":true,"href":"https:\/\/contraluzcucuta.co\/index.php?rest_route=\/wp\/v2\/media\/38425"}],"wp:attachment":[{"href":"https:\/\/contraluzcucuta.co\/index.php?rest_route=%2Fwp%2Fv2%2Fmedia&parent=38424"}],"wp:term":[{"taxonomy":"category","embeddable":true,"href":"https:\/\/contraluzcucuta.co\/index.php?rest_route=%2Fwp%2Fv2%2Fcategories&post=38424"},{"taxonomy":"post_tag","embeddable":true,"href":"https:\/\/contraluzcucuta.co\/index.php?rest_route=%2Fwp%2Fv2%2Ftags&post=38424"}],"curies":[{"name":"wp","href":"https:\/\/api.w.org\/{rel}","templated":true}]}}