{"id":38414,"date":"2023-03-05T18:34:14","date_gmt":"2023-03-05T23:34:14","guid":{"rendered":"http:\/\/contraluzcucuta.co\/?p=38414"},"modified":"2023-03-05T18:34:14","modified_gmt":"2023-03-05T23:34:14","slug":"120-anos-del-corsaje-exalumnos-proponen-rescate-del-plantel-con-arte","status":"publish","type":"post","link":"https:\/\/contraluzcucuta.co\/?p=38414","title":{"rendered":"120 A\u00d1OS DEL CORSAJE. Exalumnos proponen rescate del plantel con arte"},"content":{"rendered":"<p style=\"padding-left: 40px; text-align: right;\"><strong><span style=\"color: #ff9900;\">C\u00daCUTA.- Ex alumnos del colegio Sagrado Coraz\u00f3n de Jes\u00fas propusieron al alcalde Jairo Y\u00e1\u00f1ez intervenir el plantel, rescatarlo y volverlo un referente tur\u00edstico. La solicitud la plantearon con ocasi\u00f3n de la proximidad del 120 aniversario de labores educativas ininterrumpidas en la ciudad.<\/span><\/strong><\/p>\n<p>Los bachilleres, inquietos por las \u201ccondiciones deplorables en materia de iluminaci\u00f3n, limpieza y seguridad que favorece la pr\u00e1ctica de actividades delictivas que atentan contra la dignidad e integridad de residentes, de los usuarios de las instituciones educativas pr\u00f3ximas y los transe\u00fantes\u201d enviaron una carta al alcalde Y\u00e1\u00f1ez en la que le recuerdan la importancia de la instituci\u00f3n para los cucute\u00f1os.<\/p>\n<p>Indicaron que para el mejoramiento de la imagen del Sagrado Coraz\u00f3n pueden elaborarse expresiones de arte urbano en fachada y paredes, para que quede impresa la historia del colegio y de la ciudad, con murales en pintura y cer\u00e1mica.<\/p>\n<p>\u201cSe interpretar\u00eda como un verdadero homenaje de la Alcald\u00eda al colegio en los 120 a\u00f1os, a la cuna del baloncesto nacional, a la labor de los Hermanos Cristianos de La Salle, al plantel educativo que traz\u00f3 las primeras huellas formativas de nuestro presidente Virgilio Barco, y una ocasi\u00f3n para mostrar la calidad de los productos de la arcilla local como materia prima de las diferentes tem\u00e1ticas a desarrollar en la intervenci\u00f3n f\u00edsica que se propone\u201d, se\u00f1ala la misiva.<\/p>\n<p>El aniversario se cumplir\u00e1 el 1 de agosto. La historia del plantel comienza reci\u00e9n finalizada la Guerra de los Mil D\u00edas y la sede educativa desde 1926. En el 2012, la comunidad cedi\u00f3 la Quinta Teresa para que fuera restaurada y declarada patrimonio hist\u00f3rico de la ciudad y de la naci\u00f3n.<\/p>\n<p>Para llevar a cabo el proyecto, los exalumnos solicitaron apoyo de las secretar\u00edas de Cultura y de Educaci\u00f3n para convocar a artistas locales, estudiantes del colegio y migrantes. \u201cEstamos seguros de que con su creatividad e innovaci\u00f3n podr\u00e1n plasmar en estas paredes su arte, su sentir personal y visi\u00f3n de la ciudad\u201d.<\/p>\n<p>Se mostraron prestos para participar y hacer realidad la propuesta. \u201cD\u00e9mosle este regalo, en los 120 a\u00f1os, a un colegio patrimonio de la ciudad\u201d, se despidieron los firmantes de la carta.<\/p>\n","protected":false},"excerpt":{"rendered":"<p>C\u00daCUTA.- Ex alumnos del colegio Sagrado Coraz\u00f3n de Jes\u00fas propusieron al alcalde Jairo Y\u00e1\u00f1ez intervenir el plantel, rescatarlo y volverlo un referente tur\u00edstico. La solicitud la plantearon con ocasi\u00f3n de la proximidad del 120 aniversario de labores educativas ininterrumpidas en la ciudad. Los bachilleres, inquietos por las \u201ccondiciones deplorables en materia de iluminaci\u00f3n, limpieza y &hellip;<\/p>\n","protected":false},"author":1,"featured_media":38415,"comment_status":"open","ping_status":"open","sticky":false,"template":"","format":"standard","meta":{"footnotes":""},"categories":[45,4],"tags":[4776,1861,4910],"class_list":["post-38414","post","type-post","status-publish","format-standard","has-post-thumbnail","hentry","category-destacado","category-barra","tag-alcalde-jairo-yanez","tag-colegio-sagrado-corazon","tag-corsaje"],"_links":{"self":[{"href":"https:\/\/contraluzcucuta.co\/index.php?rest_route=\/wp\/v2\/posts\/38414","targetHints":{"allow":["GET"]}}],"collection":[{"href":"https:\/\/contraluzcucuta.co\/index.php?rest_route=\/wp\/v2\/posts"}],"about":[{"href":"https:\/\/contraluzcucuta.co\/index.php?rest_route=\/wp\/v2\/types\/post"}],"author":[{"embeddable":true,"href":"https:\/\/contraluzcucuta.co\/index.php?rest_route=\/wp\/v2\/users\/1"}],"replies":[{"embeddable":true,"href":"https:\/\/contraluzcucuta.co\/index.php?rest_route=%2Fwp%2Fv2%2Fcomments&post=38414"}],"version-history":[{"count":1,"href":"https:\/\/contraluzcucuta.co\/index.php?rest_route=\/wp\/v2\/posts\/38414\/revisions"}],"predecessor-version":[{"id":38416,"href":"https:\/\/contraluzcucuta.co\/index.php?rest_route=\/wp\/v2\/posts\/38414\/revisions\/38416"}],"wp:featuredmedia":[{"embeddable":true,"href":"https:\/\/contraluzcucuta.co\/index.php?rest_route=\/wp\/v2\/media\/38415"}],"wp:attachment":[{"href":"https:\/\/contraluzcucuta.co\/index.php?rest_route=%2Fwp%2Fv2%2Fmedia&parent=38414"}],"wp:term":[{"taxonomy":"category","embeddable":true,"href":"https:\/\/contraluzcucuta.co\/index.php?rest_route=%2Fwp%2Fv2%2Fcategories&post=38414"},{"taxonomy":"post_tag","embeddable":true,"href":"https:\/\/contraluzcucuta.co\/index.php?rest_route=%2Fwp%2Fv2%2Ftags&post=38414"}],"curies":[{"name":"wp","href":"https:\/\/api.w.org\/{rel}","templated":true}]}}