{"id":38405,"date":"2023-03-05T17:12:03","date_gmt":"2023-03-05T22:12:03","guid":{"rendered":"http:\/\/contraluzcucuta.co\/?p=38405"},"modified":"2023-03-05T17:12:03","modified_gmt":"2023-03-05T22:12:03","slug":"ica-y-fedegan-vacunados-30-000-bovinos-y-bufalinos-contra-aftosa-en-primera-semana-de-ciclo-adicional","status":"publish","type":"post","link":"https:\/\/contraluzcucuta.co\/?p=38405","title":{"rendered":"ICA Y FEDEGAN. Vacunados 30.000 bovinos y bufalinos contra aftosa, en primera semana de ciclo adicional.  \u00a0\u00a0"},"content":{"rendered":"<p style=\"padding-left: 40px; text-align: right;\"><strong><span style=\"color: #ff9900;\">C\u00daCUTA.- Norte de Santander, seg\u00fan informe de ICA y Fedegan, tiene una poblaci\u00f3n de 192.000 animales para vacunar contra la fiebre aftosa y controlar o prevenir esta zona geogr\u00e1fica de dicha enfermedad.<\/span><\/strong><\/p>\n<p>Durante la primera semana del ciclo de vacunaci\u00f3n adicional contra la fiebre aftosa se han vacunado 30.000 bovinos y bufalinos, de los 192.000 que componen el hato en el departamento. La cifra, correspondiente al periodo comprendido entre el 20 y el 26 de febrero, es el equivalente al 15,5 por ciento de la poblaci\u00f3n proyectada para ser inmunizada.<\/p>\n<p><a href=\"https:\/\/contraluzcucuta.co\/wp-content\/uploads\/2023\/03\/ICA-AFTOSA-2.jpg\"><img loading=\"lazy\" decoding=\"async\" class=\"alignnone size-medium wp-image-38407 alignleft\" src=\"https:\/\/contraluzcucuta.co\/wp-content\/uploads\/2023\/03\/ICA-AFTOSA-2-300x142.jpg\" alt=\"\" width=\"300\" height=\"142\" srcset=\"https:\/\/contraluzcucuta.co\/wp-content\/uploads\/2023\/03\/ICA-AFTOSA-2-300x142.jpg 300w, https:\/\/contraluzcucuta.co\/wp-content\/uploads\/2023\/03\/ICA-AFTOSA-2-600x284.jpg 600w, https:\/\/contraluzcucuta.co\/wp-content\/uploads\/2023\/03\/ICA-AFTOSA-2-1024x484.jpg 1024w, https:\/\/contraluzcucuta.co\/wp-content\/uploads\/2023\/03\/ICA-AFTOSA-2-768x363.jpg 768w, https:\/\/contraluzcucuta.co\/wp-content\/uploads\/2023\/03\/ICA-AFTOSA-2-1536x726.jpg 1536w, https:\/\/contraluzcucuta.co\/wp-content\/uploads\/2023\/03\/ICA-AFTOSA-2.jpg 1600w\" sizes=\"auto, (max-width: 300px) 100vw, 300px\" \/><\/a><\/p>\n<p>En el informe preliminar sobre el primer avance de la jornada sanitaria para proteger y prevenir el hato bovino y bufalino, Calara Torres, coordinadora de Fedegan-FNG en Norte de Santander, se\u00f1al\u00f3 que la gesti\u00f3n fue exitosa y no ha tenido contratiempos en materia del clima.<\/p>\n<p>Para Torres la vacunaci\u00f3n se ha adelantado en 3000 de los 19.000 predios dedicados a la producci\u00f3n de los animales en esta zona geogr\u00e1fica. \u201cEl ciclo contin\u00faa y quiero recordarles a los ganaderos que se llevar\u00e1 a cabo hasta el 21 de marzo\u201d.<\/p>\n<p>Los ganaderos tendr\u00e1n plazo hasta esa fecha para cumplir con la obligaci\u00f3n de inmunizar a los animales y prevenir la fiebre aftosa en el departamento.<\/p>\n","protected":false},"excerpt":{"rendered":"<p>C\u00daCUTA.- Norte de Santander, seg\u00fan informe de ICA y Fedegan, tiene una poblaci\u00f3n de 192.000 animales para vacunar contra la fiebre aftosa y controlar o prevenir esta zona geogr\u00e1fica de dicha enfermedad. Durante la primera semana del ciclo de vacunaci\u00f3n adicional contra la fiebre aftosa se han vacunado 30.000 bovinos y bufalinos, de los 192.000 &hellip;<\/p>\n","protected":false},"author":1,"featured_media":38406,"comment_status":"open","ping_status":"open","sticky":false,"template":"","format":"standard","meta":{"footnotes":""},"categories":[4,32],"tags":[4798,5557,3711],"class_list":["post-38405","post","type-post","status-publish","format-standard","has-post-thumbnail","hentry","category-barra","category-recorrido-por-la-region","tag-fedegan","tag-hato-ganadero","tag-ica"],"_links":{"self":[{"href":"https:\/\/contraluzcucuta.co\/index.php?rest_route=\/wp\/v2\/posts\/38405","targetHints":{"allow":["GET"]}}],"collection":[{"href":"https:\/\/contraluzcucuta.co\/index.php?rest_route=\/wp\/v2\/posts"}],"about":[{"href":"https:\/\/contraluzcucuta.co\/index.php?rest_route=\/wp\/v2\/types\/post"}],"author":[{"embeddable":true,"href":"https:\/\/contraluzcucuta.co\/index.php?rest_route=\/wp\/v2\/users\/1"}],"replies":[{"embeddable":true,"href":"https:\/\/contraluzcucuta.co\/index.php?rest_route=%2Fwp%2Fv2%2Fcomments&post=38405"}],"version-history":[{"count":1,"href":"https:\/\/contraluzcucuta.co\/index.php?rest_route=\/wp\/v2\/posts\/38405\/revisions"}],"predecessor-version":[{"id":38408,"href":"https:\/\/contraluzcucuta.co\/index.php?rest_route=\/wp\/v2\/posts\/38405\/revisions\/38408"}],"wp:featuredmedia":[{"embeddable":true,"href":"https:\/\/contraluzcucuta.co\/index.php?rest_route=\/wp\/v2\/media\/38406"}],"wp:attachment":[{"href":"https:\/\/contraluzcucuta.co\/index.php?rest_route=%2Fwp%2Fv2%2Fmedia&parent=38405"}],"wp:term":[{"taxonomy":"category","embeddable":true,"href":"https:\/\/contraluzcucuta.co\/index.php?rest_route=%2Fwp%2Fv2%2Fcategories&post=38405"},{"taxonomy":"post_tag","embeddable":true,"href":"https:\/\/contraluzcucuta.co\/index.php?rest_route=%2Fwp%2Fv2%2Ftags&post=38405"}],"curies":[{"name":"wp","href":"https:\/\/api.w.org\/{rel}","templated":true}]}}