{"id":38379,"date":"2023-02-28T10:56:44","date_gmt":"2023-02-28T15:56:44","guid":{"rendered":"http:\/\/contraluzcucuta.co\/?p=38379"},"modified":"2023-02-28T10:56:44","modified_gmt":"2023-02-28T15:56:44","slug":"asonaap-cultura-ciudadana-la-batalla-de-cucuta","status":"publish","type":"post","link":"https:\/\/contraluzcucuta.co\/?p=38379","title":{"rendered":"ASONAAP. Cultura ciudadana: la Batalla de C\u00facuta"},"content":{"rendered":"<p>A comienzos de 1813, casi tres a\u00f1os despu\u00e9s de iniciados los movimientos de independencia, la Nueva Granada se encontraba sumida en intensos debates pol\u00edticos entre federalistas y centralistas, que desencadenaron una guerra civil. Esta situaci\u00f3n llev\u00f3 a algunas regiones a descuidarse frente a la amenaza de los ej\u00e9rcitos realistas que no quer\u00edan perder estos valiosos territorios. De tal suerte que, si bien algunas provincias y ciudades de la Nueva Granada estaban libres de la presencia espa\u00f1ola, otras a\u00fan eran ocupadas por tropas realistas.<\/p>\n<p>Tal era el caso de las poblaciones que ocupaban el valle de C\u00facuta, lugar estrat\u00e9gico en la frontera nororiental con la Capitan\u00eda General de Venezuela, que desde junio de 1812 se encontraba dominada por los ej\u00e9rcitos realistas, al mando del coronel Ram\u00f3n Correa.<\/p>\n<p>Correa, con una expedici\u00f3n proveniente de Maracaibo, atac\u00f3, el 13 de junio, la villa de San Antonio de T\u00e1chira, derrotando a los patriotas y tomando 200 prisioneros, sus armas y municiones. Tras esta victoria se apoder\u00f3 f\u00e1cilmente de las poblaciones del valle de C\u00facuta.<\/p>\n<p>Esta dominaci\u00f3n del ej\u00e9rcito realista dur\u00f3 un poco m\u00e1s de ocho meses, hasta el 28 de febrero de 1813, fecha en que el ej\u00e9rcito patriota, al mando del coronel Sim\u00f3n Bol\u00edvar, derrot\u00f3 a Correa en lo que hoy se conoce como la Batalla de C\u00facuta.<\/p>\n<p>As\u00ed describi\u00f3 Sim\u00f3n Bol\u00edvar la batalla, en carta enviada al presidente del Congreso General de las Provincias Unidas:<\/p>\n<ul>\n<li>\u201cEl enemigo sobrecogido, en este momento de un terror p\u00e1nico, se escap\u00f3 precipitadamente dejando en nuestro poder, la plaza, artiller\u00eda, pertrechos, fusiles, v\u00edveres y cuantos efectos pertenec\u00edan al gobierno espa\u00f1ol y a sus c\u00f3mplices. Hemos alcanzado la m\u00e1s completa victoria, aprovech\u00e1ndonos de sus fuertes posiciones y de estos floridos valles que ellos oprim\u00edan, mat\u00e1ndolos e hiri\u00e9ndoles una multitud de oficiales y soldados inclusive el mismo comandante Correa; siendo por nuestra parte la p\u00e9rdida tan desproporcionada, que s\u00f3lo tenemos que deplorar, dos hombres muertos y catorce heridos, entre ellos el valeroso teniente de las tropas de la Uni\u00f3n, el ciudadano Concha\u201d.<\/li>\n<\/ul>\n<p><em>(Fuente Banrep)<\/em><\/p>\n<p><strong>JORGE ELIECER BAUTISTA<\/strong><\/p>\n<p><strong>Presidente ASONAAP<\/strong><\/p>\n<p><strong>Jorge.bautista@esap.edu.co<\/strong><\/p>\n","protected":false},"excerpt":{"rendered":"<p>A comienzos de 1813, casi tres a\u00f1os despu\u00e9s de iniciados los movimientos de independencia, la Nueva Granada se encontraba sumida en intensos debates pol\u00edticos entre federalistas y centralistas, que desencadenaron una guerra civil. Esta situaci\u00f3n llev\u00f3 a algunas regiones a descuidarse frente a la amenaza de los ej\u00e9rcitos realistas que no quer\u00edan perder estos valiosos &hellip;<\/p>\n","protected":false},"author":1,"featured_media":38380,"comment_status":"open","ping_status":"open","sticky":false,"template":"","format":"standard","meta":{"footnotes":""},"categories":[14,4],"tags":[1148,5547,895,174],"class_list":["post-38379","post","type-post","status-publish","format-standard","has-post-thumbnail","hentry","category-articulistas","category-barra","tag-28-de-febrero","tag-asonaap","tag-banco-de-la-republica","tag-batalla-de-cucuta"],"_links":{"self":[{"href":"https:\/\/contraluzcucuta.co\/index.php?rest_route=\/wp\/v2\/posts\/38379","targetHints":{"allow":["GET"]}}],"collection":[{"href":"https:\/\/contraluzcucuta.co\/index.php?rest_route=\/wp\/v2\/posts"}],"about":[{"href":"https:\/\/contraluzcucuta.co\/index.php?rest_route=\/wp\/v2\/types\/post"}],"author":[{"embeddable":true,"href":"https:\/\/contraluzcucuta.co\/index.php?rest_route=\/wp\/v2\/users\/1"}],"replies":[{"embeddable":true,"href":"https:\/\/contraluzcucuta.co\/index.php?rest_route=%2Fwp%2Fv2%2Fcomments&post=38379"}],"version-history":[{"count":1,"href":"https:\/\/contraluzcucuta.co\/index.php?rest_route=\/wp\/v2\/posts\/38379\/revisions"}],"predecessor-version":[{"id":38381,"href":"https:\/\/contraluzcucuta.co\/index.php?rest_route=\/wp\/v2\/posts\/38379\/revisions\/38381"}],"wp:featuredmedia":[{"embeddable":true,"href":"https:\/\/contraluzcucuta.co\/index.php?rest_route=\/wp\/v2\/media\/38380"}],"wp:attachment":[{"href":"https:\/\/contraluzcucuta.co\/index.php?rest_route=%2Fwp%2Fv2%2Fmedia&parent=38379"}],"wp:term":[{"taxonomy":"category","embeddable":true,"href":"https:\/\/contraluzcucuta.co\/index.php?rest_route=%2Fwp%2Fv2%2Fcategories&post=38379"},{"taxonomy":"post_tag","embeddable":true,"href":"https:\/\/contraluzcucuta.co\/index.php?rest_route=%2Fwp%2Fv2%2Ftags&post=38379"}],"curies":[{"name":"wp","href":"https:\/\/api.w.org\/{rel}","templated":true}]}}