{"id":38332,"date":"2023-02-09T15:27:14","date_gmt":"2023-02-09T20:27:14","guid":{"rendered":"http:\/\/contraluzcucuta.co\/?p=38332"},"modified":"2023-02-09T15:27:14","modified_gmt":"2023-02-09T20:27:14","slug":"marcas-de-moda-colombianos-prefieren-productos-nacionales","status":"publish","type":"post","link":"https:\/\/contraluzcucuta.co\/?p=38332","title":{"rendered":"MARCAS DE MODA. Colombianos prefieren productos nacionales"},"content":{"rendered":"<p style=\"padding-left: 40px; text-align: right;\"><strong><span style=\"color: #ff9900;\">BOGOT\u00c1.- La moda a lo largo del tiempo se ha transformado y ha marcado por \u00e9pocas lo que cada generaci\u00f3n decide hacer tendencia. Sin lugar a duda, es una industria que hace parte fundamental de nuestros d\u00edas y en el pa\u00eds es un s\u00edmbolo de trabajo y de la evoluci\u00f3n de su gente. Es por esto que los consumidores en Colombia se han encargado de posicionar algunas marcas de moda nacionales como referentes, lo que ha influido en la decisi\u00f3n de compra.<\/span><\/strong><\/p>\n<p>De acuerdo con el Observatorio de Moda Raddar, en conjunto con Inexmoda, el consumo de moda en el pa\u00eds durante el 2022 ascendi\u00f3 a $ 30 billones. Se evidenci\u00f3 un alza del 9 % con respecto a 2021 y permiti\u00f3 ver que la industria de la moda fue motor en la recuperaci\u00f3n y el crecimiento industrial de Colombia. Este sector simboliza el 9,4 % del total del PIB industrial del pa\u00eds y genera alrededor de 600.000 puestos de trabajo a corte de 2023, seg\u00fan el balance de Colombiatex.<\/p>\n<p><a href=\"https:\/\/contraluzcucuta.co\/wp-content\/uploads\/2023\/02\/MODA-VMLYR-BAV-2.jpeg\"><img loading=\"lazy\" decoding=\"async\" class=\"alignnone size-medium wp-image-38334 alignleft\" src=\"https:\/\/contraluzcucuta.co\/wp-content\/uploads\/2023\/02\/MODA-VMLYR-BAV-2-300x200.jpeg\" alt=\"\" width=\"300\" height=\"200\" srcset=\"https:\/\/contraluzcucuta.co\/wp-content\/uploads\/2023\/02\/MODA-VMLYR-BAV-2-300x200.jpeg 300w, https:\/\/contraluzcucuta.co\/wp-content\/uploads\/2023\/02\/MODA-VMLYR-BAV-2-600x400.jpeg 600w, https:\/\/contraluzcucuta.co\/wp-content\/uploads\/2023\/02\/MODA-VMLYR-BAV-2-1024x682.jpeg 1024w, https:\/\/contraluzcucuta.co\/wp-content\/uploads\/2023\/02\/MODA-VMLYR-BAV-2-768x512.jpeg 768w, https:\/\/contraluzcucuta.co\/wp-content\/uploads\/2023\/02\/MODA-VMLYR-BAV-2-1536x1023.jpeg 1536w, https:\/\/contraluzcucuta.co\/wp-content\/uploads\/2023\/02\/MODA-VMLYR-BAV-2.jpeg 1600w\" sizes=\"auto, (max-width: 300px) 100vw, 300px\" \/><\/a><\/p>\n<p>Teniendo en cuenta este panorama, han surgido iniciativas que impulsan la compra y la preferencia de marcas nacionales frente a las internacionales. \u201cColombiano compra colombiano\u201d, el impuesto del 40 % por parte del Gobierno a la ropa importada y el esfuerzo del sector empresarial por entregar un producto final de alta calidad.<\/p>\n<p>VMLY&amp;R Colombia, agencia de publicidad y comunicaciones, dio a conocer el ranquin de las marcas de moda que prefieren los colombianos, seg\u00fan el estudio Brand Asset Valuator (BAV).<\/p>\n<p>Los datos se han recopilado entre diciembre de 2022 y enero de 2023. Adicionalmente, la clasificaci\u00f3n muestra las marcas con mayor nivel de preferencia entre los consumidores, entendiendo este t\u00e9rmino como las primeras opciones que tienen las personas en su decisi\u00f3n de compra y que su posicionamiento en el mercado refleja el mejor desempe\u00f1o desde la perspectiva de los usuarios.<\/p>\n","protected":false},"excerpt":{"rendered":"<p>BOGOT\u00c1.- La moda a lo largo del tiempo se ha transformado y ha marcado por \u00e9pocas lo que cada generaci\u00f3n decide hacer tendencia. Sin lugar a duda, es una industria que hace parte fundamental de nuestros d\u00edas y en el pa\u00eds es un s\u00edmbolo de trabajo y de la evoluci\u00f3n de su gente. Es por &hellip;<\/p>\n","protected":false},"author":1,"featured_media":38333,"comment_status":"open","ping_status":"open","sticky":false,"template":"","format":"standard","meta":{"footnotes":""},"categories":[4,39],"tags":[5538,5537,5536,5535],"class_list":["post-38332","post","type-post","status-publish","format-standard","has-post-thumbnail","hentry","category-barra","category-miradas-ajenas","tag-bcw-global","tag-brand-asset-valuator","tag-colombiatex","tag-inexmoda"],"_links":{"self":[{"href":"https:\/\/contraluzcucuta.co\/index.php?rest_route=\/wp\/v2\/posts\/38332","targetHints":{"allow":["GET"]}}],"collection":[{"href":"https:\/\/contraluzcucuta.co\/index.php?rest_route=\/wp\/v2\/posts"}],"about":[{"href":"https:\/\/contraluzcucuta.co\/index.php?rest_route=\/wp\/v2\/types\/post"}],"author":[{"embeddable":true,"href":"https:\/\/contraluzcucuta.co\/index.php?rest_route=\/wp\/v2\/users\/1"}],"replies":[{"embeddable":true,"href":"https:\/\/contraluzcucuta.co\/index.php?rest_route=%2Fwp%2Fv2%2Fcomments&post=38332"}],"version-history":[{"count":1,"href":"https:\/\/contraluzcucuta.co\/index.php?rest_route=\/wp\/v2\/posts\/38332\/revisions"}],"predecessor-version":[{"id":38335,"href":"https:\/\/contraluzcucuta.co\/index.php?rest_route=\/wp\/v2\/posts\/38332\/revisions\/38335"}],"wp:featuredmedia":[{"embeddable":true,"href":"https:\/\/contraluzcucuta.co\/index.php?rest_route=\/wp\/v2\/media\/38333"}],"wp:attachment":[{"href":"https:\/\/contraluzcucuta.co\/index.php?rest_route=%2Fwp%2Fv2%2Fmedia&parent=38332"}],"wp:term":[{"taxonomy":"category","embeddable":true,"href":"https:\/\/contraluzcucuta.co\/index.php?rest_route=%2Fwp%2Fv2%2Fcategories&post=38332"},{"taxonomy":"post_tag","embeddable":true,"href":"https:\/\/contraluzcucuta.co\/index.php?rest_route=%2Fwp%2Fv2%2Ftags&post=38332"}],"curies":[{"name":"wp","href":"https:\/\/api.w.org\/{rel}","templated":true}]}}