{"id":38320,"date":"2023-02-07T19:03:19","date_gmt":"2023-02-08T00:03:19","guid":{"rendered":"http:\/\/contraluzcucuta.co\/?p=38320"},"modified":"2023-02-07T19:36:38","modified_gmt":"2023-02-08T00:36:38","slug":"dia-del-periodista-actividad-academica-sobre-temas-de-la-frontera-colombo-venezolana","status":"publish","type":"post","link":"https:\/\/contraluzcucuta.co\/?p=38320","title":{"rendered":"D\u00cdA DEL PERIODISTA. Actividad acad\u00e9mica sobre temas de la frontera colombo venezolana"},"content":{"rendered":"<p style=\"padding-left: 40px; text-align: right;\"><strong><span style=\"color: #ff9900;\">C\u00daCUTA.- El C\u00edrculo de Periodistas y Comunicadores de Norte de Santander (CPC) celebrar\u00e1 el D\u00eda del Periodista, este a\u00f1o, con una actividad acad\u00e9mica sobre temas de la frontera colombo venezolana. La jornada permitir\u00e1 conocer el an\u00e1lisis desarrollado por dos comunicadoras sociales para optar por el t\u00edtulo de Maestr\u00eda en Comunicaci\u00f3n, Cultura y Frontera de la Universidad de Pamplona.<\/span><\/strong><\/p>\n<p>Las dos ponencias, en la l\u00ednea de investigaci\u00f3n acerca de los medios de comunicaci\u00f3n y la opini\u00f3n. Disertar\u00e1n Sonia Jaimes Guerrero y Dimelsa Villamizar Ram\u00edrez, docentes de la Universidad de Pamplona. La exposici\u00f3n ser\u00e1, este 11 de febrero, a las 10 de la ma\u00f1ana, en el auditorio de la biblioteca p\u00fablica Julio P\u00e9rez Ferrero.<\/p>\n<p><a href=\"https:\/\/contraluzcucuta.co\/wp-content\/uploads\/2023\/02\/SONIA-JAIMES-1.jpeg\"><img loading=\"lazy\" decoding=\"async\" class=\"alignnone size-medium wp-image-38322 alignleft\" src=\"https:\/\/contraluzcucuta.co\/wp-content\/uploads\/2023\/02\/SONIA-JAIMES-1-273x300.jpeg\" alt=\"\" width=\"273\" height=\"300\" srcset=\"https:\/\/contraluzcucuta.co\/wp-content\/uploads\/2023\/02\/SONIA-JAIMES-1-273x300.jpeg 273w, https:\/\/contraluzcucuta.co\/wp-content\/uploads\/2023\/02\/SONIA-JAIMES-1-600x659.jpeg 600w, https:\/\/contraluzcucuta.co\/wp-content\/uploads\/2023\/02\/SONIA-JAIMES-1-768x844.jpeg 768w, https:\/\/contraluzcucuta.co\/wp-content\/uploads\/2023\/02\/SONIA-JAIMES-1.jpeg 932w\" sizes=\"auto, (max-width: 273px) 100vw, 273px\" \/><\/a><\/p>\n<p>Sonia Jaimes expondr\u00e1 el trabajo: An\u00e1lisis de medios de comunicaci\u00f3n y su carga ideol\u00f3gica en la cobertura period\u00edstica del concierto Venezuela Aid Live, en la frontera colombo-venezolana. Un estudio de caso ocurrido el 22 de febrero de 2019, en el puente Atanasio Girardot (en ese entonces Tienditas).<\/p>\n<p>Jaimes es comunicadora social de la Universidad Jorge Tadeo Lozano de Bogot\u00e1 y especialista en Televisi\u00f3n de la Universidad Javeriana. Con experiencia en la producci\u00f3n audiovisual en televisi\u00f3n, cine y fotograf\u00eda. Creadora de grupos radiales Reporteritos de paz para ni\u00f1os, en las emisoras comunitarias de la regi\u00f3n.<\/p>\n<p>&nbsp;<\/p>\n<p>&nbsp;<\/p>\n<p>&nbsp;<\/p>\n<p>&nbsp;<\/p>\n<p>&nbsp;<\/p>\n<p><a href=\"https:\/\/contraluzcucuta.co\/wp-content\/uploads\/2023\/02\/DIMELSA-1.jpeg\"><img loading=\"lazy\" decoding=\"async\" class=\"alignnone size-medium wp-image-38323 alignleft\" src=\"https:\/\/contraluzcucuta.co\/wp-content\/uploads\/2023\/02\/DIMELSA-1-300x288.jpeg\" alt=\"\" width=\"300\" height=\"288\" srcset=\"https:\/\/contraluzcucuta.co\/wp-content\/uploads\/2023\/02\/DIMELSA-1-300x288.jpeg 300w, https:\/\/contraluzcucuta.co\/wp-content\/uploads\/2023\/02\/DIMELSA-1-600x576.jpeg 600w, https:\/\/contraluzcucuta.co\/wp-content\/uploads\/2023\/02\/DIMELSA-1.jpeg 637w\" sizes=\"auto, (max-width: 300px) 100vw, 300px\" \/><\/a><\/p>\n<p>Dimelsa Villamizar, directora del programa de Comunicaci\u00f3n Social en Pamplona, trabaj\u00f3 en la tesis de grado An\u00e1lisis de interacciones de los cibernautas con contenidos xenof\u00f3bicos publicados en la p\u00e1gina de Facebook del diario La Opini\u00f3n (C\u00facuta), referentes al retorno de ciudadanos venezolanos a su pa\u00eds, entre marzo de 2020 y septiembre de 2021.<\/p>\n<p>Villamizar es egresada de la Universidad de Pamplona, Licenciada en Humanidades y Lengua Castellana, Tecn\u00f3loga en Trabajo Social y Comunitario del Instituto Superior de Educaci\u00f3n Rural (ISER).<\/p>\n<p>El presidente del CPC, Julio Garc\u00eda Herreros, agradeci\u00f3 el inter\u00e9s de las comunicadoras por socializar las investigaciones en la actividad gremial. Invit\u00f3 a los periodistas de la ciudad a participar en la jornada que escrudi\u00f1a dos hechos de la frontera y que impactan en la sociedad. El evento es a abierto para docentes, investigadores y estudiantes de la ciudad y la regi\u00f3n.<\/p>\n","protected":false},"excerpt":{"rendered":"<p>C\u00daCUTA.- El C\u00edrculo de Periodistas y Comunicadores de Norte de Santander (CPC) celebrar\u00e1 el D\u00eda del Periodista, este a\u00f1o, con una actividad acad\u00e9mica sobre temas de la frontera colombo venezolana. La jornada permitir\u00e1 conocer el an\u00e1lisis desarrollado por dos comunicadoras sociales para optar por el t\u00edtulo de Maestr\u00eda en Comunicaci\u00f3n, Cultura y Frontera de la &hellip;<\/p>\n","protected":false},"author":1,"featured_media":38328,"comment_status":"open","ping_status":"open","sticky":false,"template":"","format":"standard","meta":{"footnotes":""},"categories":[4,6],"tags":[4451,572,1885],"class_list":["post-38320","post","type-post","status-publish","format-standard","has-post-thumbnail","hentry","category-barra","category-ojo-avizor","tag-cpc","tag-dia-del-periodista","tag-periodistas-cucutenos"],"_links":{"self":[{"href":"https:\/\/contraluzcucuta.co\/index.php?rest_route=\/wp\/v2\/posts\/38320","targetHints":{"allow":["GET"]}}],"collection":[{"href":"https:\/\/contraluzcucuta.co\/index.php?rest_route=\/wp\/v2\/posts"}],"about":[{"href":"https:\/\/contraluzcucuta.co\/index.php?rest_route=\/wp\/v2\/types\/post"}],"author":[{"embeddable":true,"href":"https:\/\/contraluzcucuta.co\/index.php?rest_route=\/wp\/v2\/users\/1"}],"replies":[{"embeddable":true,"href":"https:\/\/contraluzcucuta.co\/index.php?rest_route=%2Fwp%2Fv2%2Fcomments&post=38320"}],"version-history":[{"count":1,"href":"https:\/\/contraluzcucuta.co\/index.php?rest_route=\/wp\/v2\/posts\/38320\/revisions"}],"predecessor-version":[{"id":38324,"href":"https:\/\/contraluzcucuta.co\/index.php?rest_route=\/wp\/v2\/posts\/38320\/revisions\/38324"}],"wp:featuredmedia":[{"embeddable":true,"href":"https:\/\/contraluzcucuta.co\/index.php?rest_route=\/wp\/v2\/media\/38328"}],"wp:attachment":[{"href":"https:\/\/contraluzcucuta.co\/index.php?rest_route=%2Fwp%2Fv2%2Fmedia&parent=38320"}],"wp:term":[{"taxonomy":"category","embeddable":true,"href":"https:\/\/contraluzcucuta.co\/index.php?rest_route=%2Fwp%2Fv2%2Fcategories&post=38320"},{"taxonomy":"post_tag","embeddable":true,"href":"https:\/\/contraluzcucuta.co\/index.php?rest_route=%2Fwp%2Fv2%2Ftags&post=38320"}],"curies":[{"name":"wp","href":"https:\/\/api.w.org\/{rel}","templated":true}]}}