{"id":38298,"date":"2023-01-31T17:23:23","date_gmt":"2023-01-31T22:23:23","guid":{"rendered":"http:\/\/contraluzcucuta.co\/?p=38298"},"modified":"2023-01-31T17:23:23","modified_gmt":"2023-01-31T22:23:23","slug":"desempleo-en-diciembre-en-cucuta-la-tasa-fue-del-108","status":"publish","type":"post","link":"https:\/\/contraluzcucuta.co\/?p=38298","title":{"rendered":"DESEMPLEO EN DICIEMBRE: En C\u00facuta, la tasa fue del 10,8 %"},"content":{"rendered":"<p style=\"padding-left: 40px; text-align: right;\"><strong><span style=\"color: #ff9900;\">BOGOT\u00c1.- C\u00facuta es una de las 13 ciudades y \u00e1reas metropolitanas en las que el desempleo descendi\u00f3 en diciembre de 2022. El Departamento Administrativo Nacional de Estad\u00edstica (DANE) inform\u00f3 que la tasa de desocupaci\u00f3n fue de 10,8 % para 2022. La disminuci\u00f3n alcanz\u00f3 los 0,6 puntos porcentuales en relaci\u00f3n con el 11,4 % del mismo periodo del 2021.<\/span><\/strong><\/p>\n<p>En el pa\u00eds la tasa de desempleo, en diciembre de 2022, fue de 10,3 %, lo que representa una disminuci\u00f3n de 0,8 puntos porcentuales (p.p.) frente al mismo periodo del 2021, cuando se ubic\u00f3 en 11,1 %.<\/p>\n<p>Bogot\u00e1, Medell\u00edn A.M., Cali, Barranquilla, Bucaramanga, Manizales, Pereira, Pasto, Ibagu\u00e9, Monter\u00eda, Cartagena y Villavicencio tuvieron la misma disminuci\u00f3n de C\u00facuta (0,6 p.p.). La poblaci\u00f3n ocupada en el pa\u00eds, explic\u00f3 el DANE, fue de 22,5 millones, frente a 21,5 millones en 2021, lo que refleja una variaci\u00f3n de 4,5 %.<\/p>\n<p>\u201cIndustrias manufactureras tuvo la mayor alza de ocupados en diciembre de 2022 (+249.000) respecto al mismo mes de 2021, contribuyendo as\u00ed con 1,2 puntos porcentuales a la variaci\u00f3n nacional y alcanzando los 2,5 millones de ocupados\u201d, se\u00f1al\u00f3 la entidad.<\/p>\n<p>En administraci\u00f3n p\u00fablica y defensa, educaci\u00f3n y atenci\u00f3n de la salud humana de servicios el n\u00famero de ocupados aument\u00f3 en 207.000 para contribuir con 1,0 puntos porcentuales a la variaci\u00f3n nacional con 2,7 millones de ocupados.<\/p>\n<p>Discriminados los datos por sexo, en diciembre del 2022 Colombia registr\u00f3 un aumento de 664.000 mujeres y de 309.000 hombres ocupados. De acuerdo con el rango de edad, los mayores aumentos en el total nacional se registraron en las mujeres (358.000) y en los hombres (148.000) de 25 a 54 a\u00f1os.<\/p>\n<p>&nbsp;<\/p>\n","protected":false},"excerpt":{"rendered":"<p>BOGOT\u00c1.- C\u00facuta es una de las 13 ciudades y \u00e1reas metropolitanas en las que el desempleo descendi\u00f3 en diciembre de 2022. El Departamento Administrativo Nacional de Estad\u00edstica (DANE) inform\u00f3 que la tasa de desocupaci\u00f3n fue de 10,8 % para 2022. La disminuci\u00f3n alcanz\u00f3 los 0,6 puntos porcentuales en relaci\u00f3n con el 11,4 % del mismo &hellip;<\/p>\n","protected":false},"author":1,"featured_media":38299,"comment_status":"open","ping_status":"open","sticky":false,"template":"","format":"standard","meta":{"footnotes":""},"categories":[4,39,6],"tags":[1494,1215],"class_list":["post-38298","post","type-post","status-publish","format-standard","has-post-thumbnail","hentry","category-barra","category-miradas-ajenas","category-ojo-avizor","tag-dane","tag-desempleo-en-cucuta"],"_links":{"self":[{"href":"https:\/\/contraluzcucuta.co\/index.php?rest_route=\/wp\/v2\/posts\/38298","targetHints":{"allow":["GET"]}}],"collection":[{"href":"https:\/\/contraluzcucuta.co\/index.php?rest_route=\/wp\/v2\/posts"}],"about":[{"href":"https:\/\/contraluzcucuta.co\/index.php?rest_route=\/wp\/v2\/types\/post"}],"author":[{"embeddable":true,"href":"https:\/\/contraluzcucuta.co\/index.php?rest_route=\/wp\/v2\/users\/1"}],"replies":[{"embeddable":true,"href":"https:\/\/contraluzcucuta.co\/index.php?rest_route=%2Fwp%2Fv2%2Fcomments&post=38298"}],"version-history":[{"count":1,"href":"https:\/\/contraluzcucuta.co\/index.php?rest_route=\/wp\/v2\/posts\/38298\/revisions"}],"predecessor-version":[{"id":38300,"href":"https:\/\/contraluzcucuta.co\/index.php?rest_route=\/wp\/v2\/posts\/38298\/revisions\/38300"}],"wp:featuredmedia":[{"embeddable":true,"href":"https:\/\/contraluzcucuta.co\/index.php?rest_route=\/wp\/v2\/media\/38299"}],"wp:attachment":[{"href":"https:\/\/contraluzcucuta.co\/index.php?rest_route=%2Fwp%2Fv2%2Fmedia&parent=38298"}],"wp:term":[{"taxonomy":"category","embeddable":true,"href":"https:\/\/contraluzcucuta.co\/index.php?rest_route=%2Fwp%2Fv2%2Fcategories&post=38298"},{"taxonomy":"post_tag","embeddable":true,"href":"https:\/\/contraluzcucuta.co\/index.php?rest_route=%2Fwp%2Fv2%2Ftags&post=38298"}],"curies":[{"name":"wp","href":"https:\/\/api.w.org\/{rel}","templated":true}]}}