{"id":38289,"date":"2023-01-29T20:20:16","date_gmt":"2023-01-30T01:20:16","guid":{"rendered":"http:\/\/contraluzcucuta.co\/?p=38289"},"modified":"2023-01-29T20:20:16","modified_gmt":"2023-01-30T01:20:16","slug":"balance-de-fenalco-diciembre-no-supero-las-expectativas-del-comercio-local","status":"publish","type":"post","link":"https:\/\/contraluzcucuta.co\/?p=38289","title":{"rendered":"BALANCE DE FENALCO. Diciembre no super\u00f3 las expectativas del comercio local"},"content":{"rendered":"<p style=\"padding-left: 40px; text-align: right;\"><strong><span style=\"color: #ff9900;\">C\u00daCUTA.- FENALCO, al cierre del 2022 y con el fin de evaluar la temporada comercial m\u00e1s importante del a\u00f1o, adelant\u00f3 el balance cualitativo con los sectores de mayor transcendencia en estas fechas, confecciones, calzado, supermercados, grandes formatos, restaurantes, electrodom\u00e9sticos y sector automotor con los siguientes resultados:<\/span><\/strong><\/p>\n<ol>\n<li>AUTOMOTORES: A diciembre, llevaba una ca\u00edda del 40 % ante la incapacidad de lograr el Soat para las motocicletas nuevas. En el resultado final, fue inferior respecto a las ventas del 2021. En cuanto al inicio de enero, el comportamiento en ventas es similar al 2022 y el impacto por apertura de la frontera es imperceptible.<\/li>\n<li>ELECTRODOM\u00c9STICOS: Este sector, que otrora era uno de los de mayores ventas en las jornadas de exenci\u00f3n de IVA, llev\u00f3 sobre s\u00ed la cancelaci\u00f3n de la \u00faltima jornada del 2 de diciembre que impact\u00f3 en los resultados comerciales, como lo presenta Fenalco nacional. El comportamiento en ventas en diciembre fue inferior, comparativamente, con diciembre 2021.<\/li>\n<li>CONFECCIONES: A pesar de que este sector es el m\u00e1s consentido y demandado en la temporada de Navidad y fin de a\u00f1o por la alta demanda, llama la atenci\u00f3n de Fenalco que las ventas no alcanzaron a ser superiores a las registradas en diciembre del 2021. Lo que es preocupante, porque demuestra una disminuci\u00f3n de la capacidad de compra en la ciudad. Sobre el inicio de enero y con relaci\u00f3n a la apertura fronteriza el comportamiento en ventas por esta circunstancia es nula.<\/li>\n<li>CALZADO: Este es otro sector demandado en Navidad. A pesar de que las ventas se comportaron de manera din\u00e1mica, la rentabilidad del sector se ve afectada por variables macroecon\u00f3micas, como la inflaci\u00f3n, que reducen el margen de rentabilidad de las empresas.<\/li>\n<\/ol>\n<p>Los resultados en ventas en la ciudad no distan de lo sucedido en el pa\u00eds, seg\u00fan la encuesta del gremio.<\/p>\n<p>La Bit\u00e1cora Econ\u00f3mica de este mes de Fenalco, presenta disminuci\u00f3n en el comportamiento de las ventas en diciembre. Fue el peor mes del 2022 comparado con diciembre del a\u00f1o 2021.<\/p>\n<p>El 71 % de los comerciantes vio disminuir las ventas o un comportamiento similar al del a\u00f1o pasado, si se tiene en cuenta la inflaci\u00f3n. El 52% de los empresarios redujo las utilidades o perdi\u00f3 dinero.<\/p>\n","protected":false},"excerpt":{"rendered":"<p>C\u00daCUTA.- FENALCO, al cierre del 2022 y con el fin de evaluar la temporada comercial m\u00e1s importante del a\u00f1o, adelant\u00f3 el balance cualitativo con los sectores de mayor transcendencia en estas fechas, confecciones, calzado, supermercados, grandes formatos, restaurantes, electrodom\u00e9sticos y sector automotor con los siguientes resultados: AUTOMOTORES: A diciembre, llevaba una ca\u00edda del 40 % &hellip;<\/p>\n","protected":false},"author":1,"featured_media":38290,"comment_status":"open","ping_status":"open","sticky":false,"template":"","format":"standard","meta":{"footnotes":""},"categories":[4,36],"tags":[5518,1526],"class_list":["post-38289","post","type-post","status-publish","format-standard","has-post-thumbnail","hentry","category-barra","category-la-voz-del-pueblo","tag-bitacora-economica","tag-fenalco-norte-de-santander"],"_links":{"self":[{"href":"https:\/\/contraluzcucuta.co\/index.php?rest_route=\/wp\/v2\/posts\/38289","targetHints":{"allow":["GET"]}}],"collection":[{"href":"https:\/\/contraluzcucuta.co\/index.php?rest_route=\/wp\/v2\/posts"}],"about":[{"href":"https:\/\/contraluzcucuta.co\/index.php?rest_route=\/wp\/v2\/types\/post"}],"author":[{"embeddable":true,"href":"https:\/\/contraluzcucuta.co\/index.php?rest_route=\/wp\/v2\/users\/1"}],"replies":[{"embeddable":true,"href":"https:\/\/contraluzcucuta.co\/index.php?rest_route=%2Fwp%2Fv2%2Fcomments&post=38289"}],"version-history":[{"count":1,"href":"https:\/\/contraluzcucuta.co\/index.php?rest_route=\/wp\/v2\/posts\/38289\/revisions"}],"predecessor-version":[{"id":38291,"href":"https:\/\/contraluzcucuta.co\/index.php?rest_route=\/wp\/v2\/posts\/38289\/revisions\/38291"}],"wp:featuredmedia":[{"embeddable":true,"href":"https:\/\/contraluzcucuta.co\/index.php?rest_route=\/wp\/v2\/media\/38290"}],"wp:attachment":[{"href":"https:\/\/contraluzcucuta.co\/index.php?rest_route=%2Fwp%2Fv2%2Fmedia&parent=38289"}],"wp:term":[{"taxonomy":"category","embeddable":true,"href":"https:\/\/contraluzcucuta.co\/index.php?rest_route=%2Fwp%2Fv2%2Fcategories&post=38289"},{"taxonomy":"post_tag","embeddable":true,"href":"https:\/\/contraluzcucuta.co\/index.php?rest_route=%2Fwp%2Fv2%2Ftags&post=38289"}],"curies":[{"name":"wp","href":"https:\/\/api.w.org\/{rel}","templated":true}]}}