{"id":38286,"date":"2023-01-29T19:36:47","date_gmt":"2023-01-30T00:36:47","guid":{"rendered":"http:\/\/contraluzcucuta.co\/?p=38286"},"modified":"2023-01-29T19:36:47","modified_gmt":"2023-01-30T00:36:47","slug":"carta-de-intencion-en-norte-de-santander-se-fortalecera-el-desarrollo-economico-y-social","status":"publish","type":"post","link":"https:\/\/contraluzcucuta.co\/?p=38286","title":{"rendered":"CARTA DE INTENCI\u00d3N. En Norte de Santander se fortalecer\u00e1 el desarrollo econ\u00f3mico y social"},"content":{"rendered":"<p style=\"padding-left: 40px; text-align: right;\"><strong><span style=\"color: #ff9900;\">BUENOS AIRES \u2013 Argentina.- Norte de Santander ser\u00e1 uno de los departamentos en los que se fortalecer\u00e1 el desarrollo econ\u00f3mico y social previsto para las zonas de frontera en la Carta Intenci\u00f3n sobre el Pacto por la Paz, la Seguridad Alimentaria y el Derecho Humano a la Alimentaci\u00f3n. La Declaraci\u00f3n prev\u00e9 un trabajo articulado entre el Gobierno y la FAO.<\/span><\/strong><\/p>\n<p>Las acciones estar\u00e1n encaminadas a superar el hambre y la malnutrici\u00f3n, y avanzar en la garant\u00eda del Derecho Humano a la Alimentaci\u00f3n de la poblaci\u00f3n, principalmente en Arauca, Boyac\u00e1, Cesar, Guain\u00eda, La Guajira, Norte de Santander y Vichada.<\/p>\n<p>La firma del documento, impulsado por la Canciller\u00eda colombiana, representa un avance en la alineaci\u00f3n de las acciones del Sistema de Naciones Unidas con las transformaciones definidas en el Plan Nacional de Desarrollo y la b\u00fasqueda de la Paz Total, que cimienta cada una de las acciones emprendidas por el Gobierno nacional y redunda en una vida digna, sin hambre y con oportunidades.<\/p>\n<p>En Argentina, en desarrollo de la cumbre de la Comunidad de Estados Latinoamericanos y del Caribe (CELAC), el presidente Gustavo Petro y el Director General de la Organizaci\u00f3n de las Naciones Unidas para la Alimentaci\u00f3n y la Agricultura (FAO), Qu Dongyu, firmaron la Carta Intenci\u00f3n.<\/p>\n<p>El Gobierno y la FAO acordaron:<\/p>\n<ol>\n<li>Reforzar la cooperaci\u00f3n existente para avanzar en la lucha contra el hambre<\/li>\n<li>Generar sistemas alimentarios sostenibles<\/li>\n<li>Lograr sociedades rurales pr\u00f3speras e inclusivas<\/li>\n<li>Avanzar en una agricultura sostenible y resiliente.<\/li>\n<li>Estructurar procesos de formaci\u00f3n y fortalecimiento de capacidades a los actores sociales e institucionales nacionales y en el territorio en producci\u00f3n sostenible y comercializaci\u00f3n, Derecho Humano a la Alimentaci\u00f3n, educaci\u00f3n ambiental y uso sostenible de los recursos naturales, ordenaci\u00f3n social de la tierra, gesti\u00f3n de riesgos y resiliencia, con el fin de asegurar su sostenibilidad.<\/li>\n<\/ol>\n","protected":false},"excerpt":{"rendered":"<p>BUENOS AIRES \u2013 Argentina.- Norte de Santander ser\u00e1 uno de los departamentos en los que se fortalecer\u00e1 el desarrollo econ\u00f3mico y social previsto para las zonas de frontera en la Carta Intenci\u00f3n sobre el Pacto por la Paz, la Seguridad Alimentaria y el Derecho Humano a la Alimentaci\u00f3n. La Declaraci\u00f3n prev\u00e9 un trabajo articulado entre &hellip;<\/p>\n","protected":false},"author":1,"featured_media":38287,"comment_status":"open","ping_status":"open","sticky":false,"template":"","format":"standard","meta":{"footnotes":""},"categories":[4,32],"tags":[5516,5515,1934,5517],"class_list":["post-38286","post","type-post","status-publish","format-standard","has-post-thumbnail","hentry","category-barra","category-recorrido-por-la-region","tag-celac","tag-fao","tag-ministerio-de-agricultura","tag-presidente-petro"],"_links":{"self":[{"href":"https:\/\/contraluzcucuta.co\/index.php?rest_route=\/wp\/v2\/posts\/38286","targetHints":{"allow":["GET"]}}],"collection":[{"href":"https:\/\/contraluzcucuta.co\/index.php?rest_route=\/wp\/v2\/posts"}],"about":[{"href":"https:\/\/contraluzcucuta.co\/index.php?rest_route=\/wp\/v2\/types\/post"}],"author":[{"embeddable":true,"href":"https:\/\/contraluzcucuta.co\/index.php?rest_route=\/wp\/v2\/users\/1"}],"replies":[{"embeddable":true,"href":"https:\/\/contraluzcucuta.co\/index.php?rest_route=%2Fwp%2Fv2%2Fcomments&post=38286"}],"version-history":[{"count":1,"href":"https:\/\/contraluzcucuta.co\/index.php?rest_route=\/wp\/v2\/posts\/38286\/revisions"}],"predecessor-version":[{"id":38288,"href":"https:\/\/contraluzcucuta.co\/index.php?rest_route=\/wp\/v2\/posts\/38286\/revisions\/38288"}],"wp:featuredmedia":[{"embeddable":true,"href":"https:\/\/contraluzcucuta.co\/index.php?rest_route=\/wp\/v2\/media\/38287"}],"wp:attachment":[{"href":"https:\/\/contraluzcucuta.co\/index.php?rest_route=%2Fwp%2Fv2%2Fmedia&parent=38286"}],"wp:term":[{"taxonomy":"category","embeddable":true,"href":"https:\/\/contraluzcucuta.co\/index.php?rest_route=%2Fwp%2Fv2%2Fcategories&post=38286"},{"taxonomy":"post_tag","embeddable":true,"href":"https:\/\/contraluzcucuta.co\/index.php?rest_route=%2Fwp%2Fv2%2Ftags&post=38286"}],"curies":[{"name":"wp","href":"https:\/\/api.w.org\/{rel}","templated":true}]}}