{"id":38238,"date":"2022-12-30T08:41:52","date_gmt":"2022-12-30T13:41:52","guid":{"rendered":"http:\/\/contraluzcucuta.co\/?p=38238"},"modified":"2022-12-30T08:41:52","modified_gmt":"2022-12-30T13:41:52","slug":"policia-fiscal-y-aduanera-aprehendida-mercancia-de-contrabando-valuada-en-2895-millones","status":"publish","type":"post","link":"https:\/\/contraluzcucuta.co\/?p=38238","title":{"rendered":"POLIC\u00cdA FISCAL Y ADUANERA. Aprehendida mercanc\u00eda de contrabando valuada en $ 2895 millones"},"content":{"rendered":"<p style=\"padding-left: 40px; text-align: right;\"><strong><span style=\"color: #ff9900;\">C\u00daCUTA. La ofensiva \u2018San Pedro Claver\u2019, desarrollada contra las organizaciones criminales por la Polic\u00eda Fiscal y Aduanera, y la Direcci\u00f3n de Impuestos y Aduanas Nacionales (DIAN), dej\u00f3 como resultado la aprehensi\u00f3n de 287.225 unidades de mercanc\u00edas de contrabando.<\/span><\/strong><\/p>\n<p>La acci\u00f3n policial afecta las finanzas de organizaciones delincuenciales que perjudican a los sectores econ\u00f3micos de autopartes, calzado, confecciones, elementos de aseo, equipos m\u00e9dicos, insumos industriales, joyer\u00eda, jugueter\u00eda, maquinaria industrial perfumer\u00eda y otros.<a href=\"https:\/\/contraluzcucuta.co\/wp-content\/uploads\/2022\/12\/CONTRABANDO-MERCANCIAS-2.jpeg\"><img loading=\"lazy\" decoding=\"async\" class=\"alignnone size-medium wp-image-38240 alignleft\" src=\"https:\/\/contraluzcucuta.co\/wp-content\/uploads\/2022\/12\/CONTRABANDO-MERCANCIAS-2-300x239.jpeg\" alt=\"\" width=\"300\" height=\"239\" srcset=\"https:\/\/contraluzcucuta.co\/wp-content\/uploads\/2022\/12\/CONTRABANDO-MERCANCIAS-2-300x239.jpeg 300w, https:\/\/contraluzcucuta.co\/wp-content\/uploads\/2022\/12\/CONTRABANDO-MERCANCIAS-2-600x478.jpeg 600w, https:\/\/contraluzcucuta.co\/wp-content\/uploads\/2022\/12\/CONTRABANDO-MERCANCIAS-2-1024x816.jpeg 1024w, https:\/\/contraluzcucuta.co\/wp-content\/uploads\/2022\/12\/CONTRABANDO-MERCANCIAS-2-768x612.jpeg 768w, https:\/\/contraluzcucuta.co\/wp-content\/uploads\/2022\/12\/CONTRABANDO-MERCANCIAS-2.jpeg 1280w\" sizes=\"auto, (max-width: 300px) 100vw, 300px\" \/><\/a><\/p>\n<p>El fin de la operaci\u00f3n es contrarrestar los eslabones de la cadena del contrabando, en el transporte, la distribuci\u00f3n y la comercializaci\u00f3n de las mercanc\u00edas que no cumplen con la normatividad aduanera.<\/p>\n<p>El control aduanero se llev\u00f3 a cabo en la v\u00eda que comunica a Pamplona con C\u00facuta, y en el sector c\u00e9ntrico de la capital de Norte de Santander. Los delincuentes pretend\u00edan comercializar la mercanc\u00eda, valuada comercialmente en $ 2895 millones, en diferentes sectores de la ciudad.<\/p>\n<p>La Polic\u00eda Fiscal y Aduanera invit\u00f3 a la ciudadan\u00eda a denunciar cualquier irregularidad o sospecha sobre la comercializaci\u00f3n ilegal de mercanc\u00edas, y a proporcionar informaci\u00f3n veraz y oportuna.<\/p>\n","protected":false},"excerpt":{"rendered":"<p>C\u00daCUTA. La ofensiva \u2018San Pedro Claver\u2019, desarrollada contra las organizaciones criminales por la Polic\u00eda Fiscal y Aduanera, y la Direcci\u00f3n de Impuestos y Aduanas Nacionales (DIAN), dej\u00f3 como resultado la aprehensi\u00f3n de 287.225 unidades de mercanc\u00edas de contrabando. La acci\u00f3n policial afecta las finanzas de organizaciones delincuenciales que perjudican a los sectores econ\u00f3micos de autopartes, &hellip;<\/p>\n","protected":false},"author":1,"featured_media":38239,"comment_status":"open","ping_status":"open","sticky":false,"template":"","format":"standard","meta":{"footnotes":""},"categories":[11,4],"tags":[292,778],"class_list":["post-38238","post","type-post","status-publish","format-standard","has-post-thumbnail","hentry","category-cronica-roja","category-barra","tag-contrabando","tag-polfa"],"_links":{"self":[{"href":"https:\/\/contraluzcucuta.co\/index.php?rest_route=\/wp\/v2\/posts\/38238","targetHints":{"allow":["GET"]}}],"collection":[{"href":"https:\/\/contraluzcucuta.co\/index.php?rest_route=\/wp\/v2\/posts"}],"about":[{"href":"https:\/\/contraluzcucuta.co\/index.php?rest_route=\/wp\/v2\/types\/post"}],"author":[{"embeddable":true,"href":"https:\/\/contraluzcucuta.co\/index.php?rest_route=\/wp\/v2\/users\/1"}],"replies":[{"embeddable":true,"href":"https:\/\/contraluzcucuta.co\/index.php?rest_route=%2Fwp%2Fv2%2Fcomments&post=38238"}],"version-history":[{"count":1,"href":"https:\/\/contraluzcucuta.co\/index.php?rest_route=\/wp\/v2\/posts\/38238\/revisions"}],"predecessor-version":[{"id":38241,"href":"https:\/\/contraluzcucuta.co\/index.php?rest_route=\/wp\/v2\/posts\/38238\/revisions\/38241"}],"wp:featuredmedia":[{"embeddable":true,"href":"https:\/\/contraluzcucuta.co\/index.php?rest_route=\/wp\/v2\/media\/38239"}],"wp:attachment":[{"href":"https:\/\/contraluzcucuta.co\/index.php?rest_route=%2Fwp%2Fv2%2Fmedia&parent=38238"}],"wp:term":[{"taxonomy":"category","embeddable":true,"href":"https:\/\/contraluzcucuta.co\/index.php?rest_route=%2Fwp%2Fv2%2Fcategories&post=38238"},{"taxonomy":"post_tag","embeddable":true,"href":"https:\/\/contraluzcucuta.co\/index.php?rest_route=%2Fwp%2Fv2%2Ftags&post=38238"}],"curies":[{"name":"wp","href":"https:\/\/api.w.org\/{rel}","templated":true}]}}