{"id":38176,"date":"2022-10-25T17:31:57","date_gmt":"2022-10-25T22:31:57","guid":{"rendered":"http:\/\/contraluzcucuta.co\/?p=38176"},"modified":"2022-10-25T17:31:57","modified_gmt":"2022-10-25T22:31:57","slug":"invias-plan-de-intervencion-para-el-corredor-vial-cucuta-ocana","status":"publish","type":"post","link":"https:\/\/contraluzcucuta.co\/?p=38176","title":{"rendered":"INV\u00cdAS. Plan de intervenci\u00f3n para el corredor vial C\u00facuta-Oca\u00f1a"},"content":{"rendered":"<p style=\"padding-left: 40px; text-align: right;\"><strong><span style=\"color: #ff9900;\">BOGOT\u00c1. El gremio de los transportadores y la comunidad de Norte de Santander levantaron el plant\u00f3n de la v\u00eda C\u00facuta-Oca\u00f1a, despu\u00e9s de la reuni\u00f3n citada para o\u00edr las necesidades y explicar el plan de intervenci\u00f3n de la v\u00eda.<\/span><\/strong><\/p>\n<p>En representaci\u00f3n del Instituto Nacional de Vias (Inv\u00edas), asistieron la directora general (e) Carolina Barbanti, el subdirector \u00c1lvaro Ruiz y los directores territoriales de Norte de Santander y Oca\u00f1a<\/p>\n<p>\u201cComprometidos con el bienestar y la conectividad de la poblaci\u00f3n, como Instituto Nacional de V\u00edas nos sentamos con los transportadores de C\u00facuta y Oca\u00f1a y las autoridades competentes, logrando superar la coyuntura sobre el plant\u00f3n que las comunidades hicieron sobre el corredor vial en Abrego\u201d, dijo Barbanti Mansilla<\/p>\n<p>Los compromisos mediante los cuales Inv\u00edas honrar\u00e1 la palabra son:<\/p>\n<p>&#8211; Suministro de pavimento de manera inmediata para la mitigaci\u00f3n en la v\u00eda C\u00facuta \u2014 Oca\u00f1a, sector Alto del Pozo.<\/p>\n<p>&#8211; Asignar recursos para la vigencia del 2023, con el fin de contratar el mantenimiento de la v\u00eda.<\/p>\n<p>El encuentro se llev\u00f3 a cabo en la Alcald\u00eda de Abrego y cont\u00f3 con la participaci\u00f3n de la Defensor\u00eda del Pueblo, la Direcci\u00f3n de Tr\u00e1nsito y Transporte (Ditra) y autoridades locales.<\/p>\n<p><a href=\"https:\/\/contraluzcucuta.co\/wp-content\/uploads\/2022\/10\/INVIAS-OCA\u00d1A-1.jpg\"><img loading=\"lazy\" decoding=\"async\" class=\"alignnone size-medium wp-image-38178 alignleft\" src=\"https:\/\/contraluzcucuta.co\/wp-content\/uploads\/2022\/10\/INVIAS-OCA\u00d1A-1-300x200.jpg\" alt=\"\" width=\"300\" height=\"200\" srcset=\"https:\/\/contraluzcucuta.co\/wp-content\/uploads\/2022\/10\/INVIAS-OCA\u00d1A-1-300x200.jpg 300w, https:\/\/contraluzcucuta.co\/wp-content\/uploads\/2022\/10\/INVIAS-OCA\u00d1A-1-600x400.jpg 600w, https:\/\/contraluzcucuta.co\/wp-content\/uploads\/2022\/10\/INVIAS-OCA\u00d1A-1-1024x682.jpg 1024w, https:\/\/contraluzcucuta.co\/wp-content\/uploads\/2022\/10\/INVIAS-OCA\u00d1A-1-768x512.jpg 768w, https:\/\/contraluzcucuta.co\/wp-content\/uploads\/2022\/10\/INVIAS-OCA\u00d1A-1-1536x1023.jpg 1536w, https:\/\/contraluzcucuta.co\/wp-content\/uploads\/2022\/10\/INVIAS-OCA\u00d1A-1.jpg 1600w\" sizes=\"auto, (max-width: 300px) 100vw, 300px\" \/><\/a><\/p>\n<p>Como resultado del espacio de di\u00e1logo y concertaci\u00f3n, se\u00a0 acordaron\u00a0 las siguientes acciones:<\/p>\n<ol>\n<li>Inv\u00edas proveer\u00e1 100 viajes de asfalto para mantenimiento de la v\u00eda C\u00facuta \u2014 Oca\u00f1a.<\/li>\n<li>Los transportadores se comprometen a levantar inmediatamente el plant\u00f3n.<\/li>\n<li>Se llevar\u00e1 a cabo la mesa de seguimiento de los compromisos, el l5 de noviembre, en la Alcald\u00eda de \u00c1brego.<\/li>\n<li>Se abrir\u00e1n dos procesos de selecci\u00f3n abreviada que suman $ 2000 millones para mantenimiento de la v\u00eda en la presente vigencia.<\/li>\n<li>Se destinar\u00e1n para la vigencia 2023, \u00a0\u00a0\u00a0\u00a0\u00a0\u00a0 $\u00a0 8000\u00a0\u00a0\u00a0\u00a0\u00a0 millones para dar continuidad al proyecto de mantenimiento en el corredor.<\/li>\n<\/ol>\n<p>Por medio del di\u00e1logo social y la construcci\u00f3n conjunta, el Gobierno, desde las regiones y por intermedio del Inv\u00edas, escucha las necesidades de comunidades y gremios, y garantiza el tr\u00e1nsito\u00a0 seguro por\u00a0 los corredores\u00a0 viales en los territorios.<\/p>\n","protected":false},"excerpt":{"rendered":"<p>BOGOT\u00c1. El gremio de los transportadores y la comunidad de Norte de Santander levantaron el plant\u00f3n de la v\u00eda C\u00facuta-Oca\u00f1a, despu\u00e9s de la reuni\u00f3n citada para o\u00edr las necesidades y explicar el plan de intervenci\u00f3n de la v\u00eda. En representaci\u00f3n del Instituto Nacional de Vias (Inv\u00edas), asistieron la directora general (e) Carolina Barbanti, el subdirector &hellip;<\/p>\n","protected":false},"author":1,"featured_media":38177,"comment_status":"open","ping_status":"open","sticky":false,"template":"","format":"standard","meta":{"footnotes":""},"categories":[4,36],"tags":[5488,393,5395],"class_list":["post-38176","post","type-post","status-publish","format-standard","has-post-thumbnail","hentry","category-barra","category-la-voz-del-pueblo","tag-carolina-barbanti","tag-invias","tag-la-voz-del-pueblo"],"_links":{"self":[{"href":"https:\/\/contraluzcucuta.co\/index.php?rest_route=\/wp\/v2\/posts\/38176","targetHints":{"allow":["GET"]}}],"collection":[{"href":"https:\/\/contraluzcucuta.co\/index.php?rest_route=\/wp\/v2\/posts"}],"about":[{"href":"https:\/\/contraluzcucuta.co\/index.php?rest_route=\/wp\/v2\/types\/post"}],"author":[{"embeddable":true,"href":"https:\/\/contraluzcucuta.co\/index.php?rest_route=\/wp\/v2\/users\/1"}],"replies":[{"embeddable":true,"href":"https:\/\/contraluzcucuta.co\/index.php?rest_route=%2Fwp%2Fv2%2Fcomments&post=38176"}],"version-history":[{"count":1,"href":"https:\/\/contraluzcucuta.co\/index.php?rest_route=\/wp\/v2\/posts\/38176\/revisions"}],"predecessor-version":[{"id":38179,"href":"https:\/\/contraluzcucuta.co\/index.php?rest_route=\/wp\/v2\/posts\/38176\/revisions\/38179"}],"wp:featuredmedia":[{"embeddable":true,"href":"https:\/\/contraluzcucuta.co\/index.php?rest_route=\/wp\/v2\/media\/38177"}],"wp:attachment":[{"href":"https:\/\/contraluzcucuta.co\/index.php?rest_route=%2Fwp%2Fv2%2Fmedia&parent=38176"}],"wp:term":[{"taxonomy":"category","embeddable":true,"href":"https:\/\/contraluzcucuta.co\/index.php?rest_route=%2Fwp%2Fv2%2Fcategories&post=38176"},{"taxonomy":"post_tag","embeddable":true,"href":"https:\/\/contraluzcucuta.co\/index.php?rest_route=%2Fwp%2Fv2%2Ftags&post=38176"}],"curies":[{"name":"wp","href":"https:\/\/api.w.org\/{rel}","templated":true}]}}