{"id":38172,"date":"2022-10-25T16:43:39","date_gmt":"2022-10-25T21:43:39","guid":{"rendered":"http:\/\/contraluzcucuta.co\/?p=38172"},"modified":"2022-10-25T16:43:39","modified_gmt":"2022-10-25T21:43:39","slug":"dialogos-regionales-vinculantes-un-espacio-para-escuchar-las-propuestas-de-los-colombianos","status":"publish","type":"post","link":"https:\/\/contraluzcucuta.co\/?p=38172","title":{"rendered":"DI\u00c1LOGOS REGIONALES VINCULANTES. Un espacio para escuchar las propuestas de los colombianos"},"content":{"rendered":"<p style=\"padding-left: 40px; text-align: right;\"><strong><span style=\"color: #ff9900;\">C\u00daCUTA. El Ministerio de Comercio, Industria y Turismo y el Departamento Nacional de Planeaci\u00f3n convocaron para este 27 de octubre a los habitantes de Norte de Santander, en la frontera con Venezuela, a entregar propuestas para la construcci\u00f3n del Plan Nacional de Desarrollo, documento con proyecci\u00f3n de ley en el que se fijar\u00e1n las metas de Colombia en los pr\u00f3ximos cuatro a\u00f1os.<\/span><\/strong><\/p>\n<p>El Dialogo Regional Vinculante #NorteDeSantanderTienesLaPalabra es una iniciativa del gobierno del presidente Gustavo Petro Urrego y se llevar\u00e1 a cabo en la Universidad Francisco de Paula Santander, a partir de las 8:00 de la ma\u00f1ana.<\/p>\n<p>La convocatoria es para los interesados en participar. Incluye de manera especial a los habitantes de 23 municipios priorizados de la regi\u00f3n de la zona de frontera con Venezuela.<\/p>\n<ul>\n<li>Arboledas, Bochalema, Bucarasica, C\u00e1cota, Chin\u00e1cota, C\u00facuta, Cucutilla, Durania, El Zulia, Gramalote, Herr\u00e1n, Labateca, Los Patios, Lourdes, Mutiscua, Pamplona, Puerto Santander, Ragonvalia, Salazar, San Cayetano, Santiago, Villa del Rosario y Villa Caro. De Santander: Charta y Matanza.<\/li>\n<\/ul>\n<p>El ministro de Comercio, Industria y Turismo, Germ\u00e1n Uma\u00f1a Mendoza, explic\u00f3 que se trata de un dialogo abierto. \u201cEl Gobierno va a escuchar necesidades, inquietudes y propuestas que tienen las comunidades organizadas y los sectores sociales, de manera que la hoja de ruta del Gobierno del cambio sea el resultado de un trabajo de todos, porque su objetivo es que ese cambio sea en beneficio de todos\u201d.<\/p>\n<p>El director del Departamento Nacional de Planeaci\u00f3n, Jorge Iv\u00e1n Gonz\u00e1lez, asegur\u00f3 que &#8220;recibiremos con satisfacci\u00f3n las dos o tres p\u00e1ginas que ustedes nos entreguen con sus propuestas. Est\u00e9n seguros de que las organizamos, las sistematizamos y tratamos, en la medida de lo posible, que puedan reflejar aspectos fundamentales de la trasformaci\u00f3n econ\u00f3mica del pa\u00eds&#8221;.<\/p>\n<p><strong>Los temas de los di\u00e1logos<\/strong><\/p>\n<p>Los temas generales de los di\u00e1logos son cinco:<\/p>\n<ol>\n<li>Ordenamiento territorial hacia la paz<\/li>\n<\/ol>\n<p>&#8211; \u00bfc\u00f3mo integrar los Planes de Ordenamiento Territorial entre las regiones?<\/p>\n<p>&#8211; \u00bfC\u00f3mo conseguir el fin de la econom\u00eda ilegal?<\/p>\n<p>&#8211; \u00bfC\u00f3mo garantizar el derecho de propiedad a la tierra?<\/p>\n<ol start=\"2\">\n<li>Seguridad Humana y Justicia Social<\/li>\n<\/ol>\n<p>&#8211; \u00bfC\u00f3mo fortalecer la seguridad f\u00edsica?<\/p>\n<p>&#8211; \u00bfC\u00f3mo garantizar la seguridad social en salud, educaci\u00f3n, empleo?<\/p>\n<ol start=\"3\">\n<li>Soberan\u00eda Alimentaria<\/li>\n<\/ol>\n<p>&#8211; \u00bfC\u00f3mo modernizar el sector agropecuario?<\/p>\n<p>&#8211; \u00bfC\u00f3mo desarrollar v\u00edas terciarias?<\/p>\n<p>&#8211; \u00bfC\u00f3mo lograr el fortalecimiento de la producci\u00f3n agropecuaria y la modernizaci\u00f3n de la agricultura?<\/p>\n<p>&#8211; \u00bfC\u00f3mo evitar la concentraci\u00f3n de la tierra?<\/p>\n<ol start=\"4\">\n<li>Transici\u00f3n energ\u00e9tica y crecimiento verde con Justicia Ambiental<\/li>\n<\/ol>\n<p>&#8211; \u00bfC\u00f3mo generar una mayor econom\u00eda verde y reducir la dependencia del petr\u00f3leo y los minerales?<\/p>\n<ol start=\"5\">\n<li>Convergencia Social \u2013 Regional<\/li>\n<\/ol>\n<p>&#8211; \u00bfC\u00f3mo lograr que las brechas socioecon\u00f3micas entre las regiones se eliminen?<\/p>\n<p><strong>\u00bfQu\u00e9 son los Di\u00e1logos Regionales Vinculantes?<\/strong><\/p>\n<p>Son un espacio de participaci\u00f3n al que los colombianos est\u00e1n invitados a participar en un di\u00e1logo diverso, amplio y multicolor por los territorios. Aqu\u00ed ser\u00e1n bienvenidas las propuestas de los habitantes de todos los municipios sobre el pa\u00eds, sin distinci\u00f3n de raza, edad, g\u00e9nero y clase social.<\/p>\n<p>El objetivo es inspirar las bases del Plan Nacional de Desarrollo 2022-2026. \u00a0Las regiones fueron elegidas seg\u00fan tres aspectos: la importancia del agua, el conflicto armado y el fin de la desigualdad regional.<\/p>\n<p><strong>\u00bfQu\u00e9 es el Plan Nacional de Desarrollo?<\/strong><\/p>\n<p>Es el documento m\u00e1s importante del Gobierno, en el que se definen las metas que deber\u00e1 cumplir a corto, mediano y largo plazo, y los instrumentos financieros y presupuestales necesarios para convertir a Colombia en potencia mundial de la vida con una Paz Total.<\/p>\n","protected":false},"excerpt":{"rendered":"<p>C\u00daCUTA. El Ministerio de Comercio, Industria y Turismo y el Departamento Nacional de Planeaci\u00f3n convocaron para este 27 de octubre a los habitantes de Norte de Santander, en la frontera con Venezuela, a entregar propuestas para la construcci\u00f3n del Plan Nacional de Desarrollo, documento con proyecci\u00f3n de ley en el que se fijar\u00e1n las metas &hellip;<\/p>\n","protected":false},"author":1,"featured_media":38174,"comment_status":"open","ping_status":"open","sticky":false,"template":"","format":"standard","meta":{"footnotes":""},"categories":[4,6],"tags":[5487,3807,5486],"class_list":["post-38172","post","type-post","status-publish","format-standard","has-post-thumbnail","hentry","category-barra","category-ojo-avizor","tag-dialogos-regionales-vinculantes","tag-ministerio-de-comercio-y-turismo","tag-ojo-avizor"],"_links":{"self":[{"href":"https:\/\/contraluzcucuta.co\/index.php?rest_route=\/wp\/v2\/posts\/38172","targetHints":{"allow":["GET"]}}],"collection":[{"href":"https:\/\/contraluzcucuta.co\/index.php?rest_route=\/wp\/v2\/posts"}],"about":[{"href":"https:\/\/contraluzcucuta.co\/index.php?rest_route=\/wp\/v2\/types\/post"}],"author":[{"embeddable":true,"href":"https:\/\/contraluzcucuta.co\/index.php?rest_route=\/wp\/v2\/users\/1"}],"replies":[{"embeddable":true,"href":"https:\/\/contraluzcucuta.co\/index.php?rest_route=%2Fwp%2Fv2%2Fcomments&post=38172"}],"version-history":[{"count":1,"href":"https:\/\/contraluzcucuta.co\/index.php?rest_route=\/wp\/v2\/posts\/38172\/revisions"}],"predecessor-version":[{"id":38175,"href":"https:\/\/contraluzcucuta.co\/index.php?rest_route=\/wp\/v2\/posts\/38172\/revisions\/38175"}],"wp:featuredmedia":[{"embeddable":true,"href":"https:\/\/contraluzcucuta.co\/index.php?rest_route=\/wp\/v2\/media\/38174"}],"wp:attachment":[{"href":"https:\/\/contraluzcucuta.co\/index.php?rest_route=%2Fwp%2Fv2%2Fmedia&parent=38172"}],"wp:term":[{"taxonomy":"category","embeddable":true,"href":"https:\/\/contraluzcucuta.co\/index.php?rest_route=%2Fwp%2Fv2%2Fcategories&post=38172"},{"taxonomy":"post_tag","embeddable":true,"href":"https:\/\/contraluzcucuta.co\/index.php?rest_route=%2Fwp%2Fv2%2Ftags&post=38172"}],"curies":[{"name":"wp","href":"https:\/\/api.w.org\/{rel}","templated":true}]}}