{"id":38165,"date":"2022-10-09T10:56:36","date_gmt":"2022-10-09T15:56:36","guid":{"rendered":"http:\/\/contraluzcucuta.co\/?p=38165"},"modified":"2022-10-09T10:56:36","modified_gmt":"2022-10-09T15:56:36","slug":"futbol-de-segunda-los-tristes-no-fueron-los-tigres-sino-los-motilones","status":"publish","type":"post","link":"https:\/\/contraluzcucuta.co\/?p=38165","title":{"rendered":"F\u00daTBOL DE SEGUNDA. Los tristes no fueron los Tigres, sino los motilones"},"content":{"rendered":"<p style=\"padding-left: 40px; text-align: right;\"><strong><span style=\"color: #ff9900;\">C\u00daCUTA. El Torneo de la B del f\u00fatbol colombiano termin\u00f3 para el C\u00facuta Deportivo. A pesar del triunfo (2-1) ante Tigres, el once rojinegro se despidi\u00f3 del campeonato de la segunda divisi\u00f3n. Regres\u00f3 a la competencia a mitad de a\u00f1o, luego de vivir pesares por las decisiones tomadas en Bogot\u00e1 y despu\u00e9s de afrontar dificultades deportivas.<\/span><\/strong><\/p>\n<p>Fueron d\u00edas de alegr\u00edas, tristezas, idas y venidas. El cuadro motil\u00f3n no cuaj\u00f3 como los aficionados esperaban y dej\u00f3 escapar en casa puntos valiosos que al t\u00e9rmino del calendario regular hicieron falta para entrar al Grupo de los Ocho. Como visitante cuadr\u00f3 caja en algunos pasajes, pero esos resultados no sirvieron, a la postre, para asistir a la fiesta de fin de a\u00f1o.<\/p>\n<p>El debut de Aquivaldo como t\u00e9cnico no alcanz\u00f3 el \u00e9xito anhelado. El entrenador ten\u00eda como punto de mira el trabajo de Lucas Pussineri, qui\u00e9n s\u00ed conform\u00f3 un equipo ganador y campe\u00f3n. A Mosquera no se le dieron los n\u00fameros y el despegue de la nave fronteriza no fue posible. Al final de cuentas fue removido del cargo, tarde para algunos, a tiempo para otros.<\/p>\n<p>Los extranjeros tra\u00eddos para reforzar a los criollos y a los nacionales tampoco dieron la talla. Rescatable, el trabajo del portero Ezequiel Mastrolia. Al final, Lucas R\u00edos trat\u00f3 de mostrar juego y de conducir al grupo. Pero no solo de intentos vive el mediocampista. Debe ser constante, fino y seguro en la cancha. En este caso no se dieron esas cualidades. Si el Redin-tor lo quiere para el pr\u00f3ximo torneo, debe afinarlo, como era Bernardo en sus buenos tiempos al lado del Pibe.<\/p>\n<p><a href=\"https:\/\/contraluzcucuta.co\/wp-content\/uploads\/2022\/10\/CUCUTA-TIGRES-3.jpg\"><img loading=\"lazy\" decoding=\"async\" class=\"alignnone size-medium wp-image-38167\" src=\"https:\/\/contraluzcucuta.co\/wp-content\/uploads\/2022\/10\/CUCUTA-TIGRES-3-300x135.jpg\" alt=\"\" width=\"300\" height=\"135\" srcset=\"https:\/\/contraluzcucuta.co\/wp-content\/uploads\/2022\/10\/CUCUTA-TIGRES-3-300x135.jpg 300w, https:\/\/contraluzcucuta.co\/wp-content\/uploads\/2022\/10\/CUCUTA-TIGRES-3-600x270.jpg 600w, https:\/\/contraluzcucuta.co\/wp-content\/uploads\/2022\/10\/CUCUTA-TIGRES-3-1024x461.jpg 1024w, https:\/\/contraluzcucuta.co\/wp-content\/uploads\/2022\/10\/CUCUTA-TIGRES-3-768x346.jpg 768w, https:\/\/contraluzcucuta.co\/wp-content\/uploads\/2022\/10\/CUCUTA-TIGRES-3-1536x691.jpg 1536w, https:\/\/contraluzcucuta.co\/wp-content\/uploads\/2022\/10\/CUCUTA-TIGRES-3.jpg 1600w\" sizes=\"auto, (max-width: 300px) 100vw, 300px\" \/><\/a> <a href=\"https:\/\/contraluzcucuta.co\/wp-content\/uploads\/2022\/10\/CUCUTA-TIGRES-4.jpg\"><img loading=\"lazy\" decoding=\"async\" class=\"alignnone size-medium wp-image-38168\" src=\"https:\/\/contraluzcucuta.co\/wp-content\/uploads\/2022\/10\/CUCUTA-TIGRES-4-300x135.jpg\" alt=\"\" width=\"300\" height=\"135\" srcset=\"https:\/\/contraluzcucuta.co\/wp-content\/uploads\/2022\/10\/CUCUTA-TIGRES-4-300x135.jpg 300w, https:\/\/contraluzcucuta.co\/wp-content\/uploads\/2022\/10\/CUCUTA-TIGRES-4-600x270.jpg 600w, https:\/\/contraluzcucuta.co\/wp-content\/uploads\/2022\/10\/CUCUTA-TIGRES-4-1024x461.jpg 1024w, https:\/\/contraluzcucuta.co\/wp-content\/uploads\/2022\/10\/CUCUTA-TIGRES-4-768x346.jpg 768w, https:\/\/contraluzcucuta.co\/wp-content\/uploads\/2022\/10\/CUCUTA-TIGRES-4-1536x691.jpg 1536w, https:\/\/contraluzcucuta.co\/wp-content\/uploads\/2022\/10\/CUCUTA-TIGRES-4.jpg 1600w\" sizes=\"auto, (max-width: 300px) 100vw, 300px\" \/><\/a><\/p>\n<p>Los otros extranjeros pasaron por aqu\u00ed y f\u00fatbol que no se les vio. As\u00ed es el deporte, se acierta con unos y se pierde con otros. Esa m\u00e1xima se cumple en cualquier esquina del orbe y C\u00facuta no es la excepci\u00f3n. Eso no quiere decir que no se contraten uruguayos, brasile\u00f1os, paname\u00f1os, ecuatorianos, bolivianos o venezolanos. Significa que debe mirarse bien y escoger mejor. En el pasado reciente, Donamaris, como Alcalde, prometi\u00f3 traer espa\u00f1oles. Se le crey\u00f3, pero nunca cumpli\u00f3. As\u00ed son ellos.<\/p>\n<p>De los j\u00f3venes y que prometen, sobresali\u00f3 Bayron Suaza. En alguna ocasi\u00f3n lo llamaron como central y marc\u00f3 gol; luego, lo pusieron a marcar por izquierda y cumpli\u00f3, marc\u00f3 gol. Y termin\u00f3 el torneo con gol, ante los felinos visitantes de este s\u00e1bado. Esos son los valores que deben cultivarse y llevarse por el camino correcto.<\/p>\n<p>Jonathan Agudelo, experimentado y con recorrido, se esfum\u00f3 partido tras partido. Los aficionados recuperaban al \u00eddolo de a\u00f1os anteriores y palpitaron de emoci\u00f3n al conocer que de nuevo ser\u00eda rojinegro. Al comienzo corri\u00f3, marc\u00f3, dio alegr\u00edas. Despu\u00e9s, se esforz\u00f3 y no cuaj\u00f3. En el \u00faltimo partido fue relevado.<\/p>\n<p>Los cucute\u00f1os cumplieron con lo que pudieron. Lo dieron todo en la medida de las circunstancias, sin descollar entre los grandes. Son de talla media y ah\u00ed quedaron. La esperanza es que Bernardo los tenga en cuenta y los mantenga activos. Si no ocurre as\u00ed, Coveadse los espera.<\/p>\n<p>Los aficionados, por su parte, acudieron a la cita cuando se necesitaron. Siempre festivos y alegres. Aunque en ocasiones se pasaron de revoluciones y ocasionaron el cierre de las tribunas. De ser la mejor hinchada del pa\u00eds, se pas\u00f3 a la m\u00e1s sancionada de Colombia. Aclaraci\u00f3n: no son todos, pero con los que act\u00faan as\u00ed basta para desdibujar esa imagen que se tenia de \u2018fort\u00edn inexpugnable\u2019.<\/p>\n<p>En el encuentro de despedida, el C\u00facuta Deportivo deb\u00eda golear a Tigres y esperar resultados. La ilusi\u00f3n se vislumbr\u00f3 en el minuto 8. Suaza, de nuevo de cabeza, abri\u00f3 el marcador. R\u00edos, 28 minutos despu\u00e9s, puso a gritar a los hinchas. La goleada estaba a la vista. Catorce minutos despu\u00e9s se desvanecieron los sue\u00f1os y Vinicius, no el del Real Madrid (ya quisieran los felinos tenerlo en sus l\u00edneas), sino el Marcus, les puso los pies sobre la tierra. Golazo.<\/p>\n<p>De ah\u00ed para abajo todo fue normal. Los visitantes encalambrados, lo que da a entender que no tienen preparaci\u00f3n f\u00edsica para aguantar los 90 minutos, o que pueden ingresar a la n\u00f3mina de Ra\u00fal Gasca. Cambios de un lado y otro, quema de tiempo, carreras, levantadas del asiento y pitido final. El C\u00facuta permanecer\u00e1 en la B.<\/p>\n<p>En las cuentas \u00faltimas, el once motil\u00f3n ocup\u00f3 la casilla 11, luego de 16 partidos jugados. Acumul\u00f3 22 puntos, de 48 posibles, lo que da un rendimiento del 45,8 por ciento. No pas\u00f3 el a\u00f1o. Gan\u00f3 6 partidos, perdi\u00f3 otros 6 y empat\u00f3 4. La diferencia de gol lo favorece con un tanto.<\/p>\n<p>Si directivos y accionistas lo deciden, Bernardo seguir\u00e1 con la batuta en la mano y procurar\u00e1 ser el Red\u00edn-tor del once fronterizo. Silva Meluk tendr\u00e1 que redoblar esfuerzos para convencer a los 20.000 abonados de que deben comprar de nuevo los boletos. Si lo logra, seguro, volver\u00e1 a gritar que se siente \u2018feliz, feliz, feliz\u2019 (el acento paisa se lo ponen ustedes).<\/p>\n<p><strong>RAFAEL ANTONIO PAB\u00d3N<\/strong><\/p>\n<p><strong><a href=\"mailto:rafaelpabon58@hotmail.com\">rafaelpabon58@hotmail.com<\/a><\/strong><\/p>\n","protected":false},"excerpt":{"rendered":"<p>C\u00daCUTA. El Torneo de la B del f\u00fatbol colombiano termin\u00f3 para el C\u00facuta Deportivo. A pesar del triunfo (2-1) ante Tigres, el once rojinegro se despidi\u00f3 del campeonato de la segunda divisi\u00f3n. Regres\u00f3 a la competencia a mitad de a\u00f1o, luego de vivir pesares por las decisiones tomadas en Bogot\u00e1 y despu\u00e9s de afrontar dificultades &hellip;<\/p>\n","protected":false},"author":1,"featured_media":38166,"comment_status":"open","ping_status":"open","sticky":false,"template":"","format":"standard","meta":{"footnotes":""},"categories":[4,28],"tags":[5444,1396,1988,1098],"class_list":["post-38165","post","type-post","status-publish","format-standard","has-post-thumbnail","hentry","category-barra","category-vistazo-deportivo","tag-cucuta-deportivo-2022","tag-dimayor","tag-futbol-de-segunda","tag-torneo-de-la-b"],"_links":{"self":[{"href":"https:\/\/contraluzcucuta.co\/index.php?rest_route=\/wp\/v2\/posts\/38165","targetHints":{"allow":["GET"]}}],"collection":[{"href":"https:\/\/contraluzcucuta.co\/index.php?rest_route=\/wp\/v2\/posts"}],"about":[{"href":"https:\/\/contraluzcucuta.co\/index.php?rest_route=\/wp\/v2\/types\/post"}],"author":[{"embeddable":true,"href":"https:\/\/contraluzcucuta.co\/index.php?rest_route=\/wp\/v2\/users\/1"}],"replies":[{"embeddable":true,"href":"https:\/\/contraluzcucuta.co\/index.php?rest_route=%2Fwp%2Fv2%2Fcomments&post=38165"}],"version-history":[{"count":1,"href":"https:\/\/contraluzcucuta.co\/index.php?rest_route=\/wp\/v2\/posts\/38165\/revisions"}],"predecessor-version":[{"id":38169,"href":"https:\/\/contraluzcucuta.co\/index.php?rest_route=\/wp\/v2\/posts\/38165\/revisions\/38169"}],"wp:featuredmedia":[{"embeddable":true,"href":"https:\/\/contraluzcucuta.co\/index.php?rest_route=\/wp\/v2\/media\/38166"}],"wp:attachment":[{"href":"https:\/\/contraluzcucuta.co\/index.php?rest_route=%2Fwp%2Fv2%2Fmedia&parent=38165"}],"wp:term":[{"taxonomy":"category","embeddable":true,"href":"https:\/\/contraluzcucuta.co\/index.php?rest_route=%2Fwp%2Fv2%2Fcategories&post=38165"},{"taxonomy":"post_tag","embeddable":true,"href":"https:\/\/contraluzcucuta.co\/index.php?rest_route=%2Fwp%2Fv2%2Ftags&post=38165"}],"curies":[{"name":"wp","href":"https:\/\/api.w.org\/{rel}","templated":true}]}}