{"id":38152,"date":"2022-09-26T12:19:03","date_gmt":"2022-09-26T17:19:03","guid":{"rendered":"http:\/\/contraluzcucuta.co\/?p=38152"},"modified":"2022-09-26T12:19:03","modified_gmt":"2022-09-26T17:19:03","slug":"sexta-version-cpc-entrego-premios-de-periodismo-la-bagatela","status":"publish","type":"post","link":"https:\/\/contraluzcucuta.co\/?p=38152","title":{"rendered":"SEXTA VERSI\u00d3N. CPC entreg\u00f3 premios de periodismo La Bagatela"},"content":{"rendered":"<p style=\"padding-left: 40px; text-align: right;\"><strong><span style=\"color: #ff9900;\">C\u00daCUTA.- Periodistas locales y de otras regiones del pa\u00eds recibieron la estatuilla Antonio Nari\u00f1o, como ganadores en la VI Versi\u00f3n del Premio Nacional de Periodismo La Bagatela y la VII del Premio al M\u00e9rito Period\u00edstico Eustorgio Colmenares Baptista.<\/span><\/strong><\/p>\n<p>La actividad, que resalta el trabajo de los comunicadores en siete categor\u00edas, es organizada por el C\u00edrculo de Periodistas y Comunicadores de Norte de Santander (CPC) y la Fundaci\u00f3n Premio Nacional de Periodismo La Bagatela.<\/p>\n<p>El acto de entrega de los galardones se llev\u00f3 a cabo en la sala Virgilio Barco, de la biblioteca p\u00fablica Julio P\u00e9rez Ferrero. Cicer\u00f3n Fl\u00f3rez, presidente de la Fundaci\u00f3n, instal\u00f3 el acto.<\/p>\n<p>Los trabajos ganadores son:<\/p>\n<p><strong>Prensa<\/strong><\/p>\n<p>\u201cLos rastros que dej\u00f3 la banda que cometi\u00f3 el atentado en el aeropuerto\u201d. \u201cLas pistas que los mandaron a una c\u00e1rcel de m\u00e1xima seguridad\u201d.<\/p>\n<p>Autor: Cristian Herrera. Diario la opinion.<\/p>\n<p><strong>Radio<\/strong><\/p>\n<p>Ganador: En sinton\u00eda con la transparencia, serie radial de 10 cap\u00edtulos sobre el fortalecimiento de las emisoras comunitarias en el proceso de rendici\u00f3n de cuentas.<\/p>\n<p>Realizadora: Martha Mart\u00ednez. Radar.<\/p>\n<p><strong>Medios digitales<\/strong><\/p>\n<p>Ganador: Cartagena, un diamante en pobreza extrema. Trabajo multimedia publicado en el Diario el Universal (Cartagena).<\/p>\n<p>Autores: Omar Carrasquilla, Wilson Morales, Julie Gonz\u00e1lez, Yessica Rivera, N\u00e9stor Castellar, L\u00eda Miranda, Gabriel Garc\u00eda, Jairo C\u00e1rdenas y Juliana de \u00c1vila.<\/p>\n<p><strong>Televisi\u00f3n<\/strong><\/p>\n<p>Ganador: Masacre de Oropoma: v\u00edctimas buscan la verdad<\/p>\n<p>Autora: Karen Rodr\u00edguez. Provincia tv (canal de tv y redes sociales)<\/p>\n<p><strong>Caricatura<\/strong><\/p>\n<p>Ganador: Embolatados 70 mil millones.<\/p>\n<p>Autor: Deivi Safadi. Diario El Pil\u00f3n (Valledupar)<\/p>\n<p><strong>Cine documental<\/strong><\/p>\n<p>Ganador: Tejiendo un nuevo camino<\/p>\n<p>Autores: Aldair Cuartas, Cristhian Cordero y Juli\u00e1n Quiscue. Canal de youtube de la Asociaci\u00f3n Guachinacal.<\/p>\n<p><strong>Tesis de grado<\/strong><\/p>\n<p>Ganador: Representaciones de la pobreza en Colombia: An\u00e1lisis semi\u00f3tico de dos largometrajes de Ciro Guerra.<\/p>\n<p>Autores: M\u00f3nica Rol\u00f3n y Sebasti\u00e1n Sarmiento. Universidad Francisco de Paula Santander, Plan de Estudios: Comunicaci\u00f3n Social.<\/p>\n<p>Premio al M\u00e9rito Period\u00edstico Eustorgio Colmenares Baptista<\/p>\n<p>Andrea Guerrero. RCN TV.<\/p>\n","protected":false},"excerpt":{"rendered":"<p>C\u00daCUTA.- Periodistas locales y de otras regiones del pa\u00eds recibieron la estatuilla Antonio Nari\u00f1o, como ganadores en la VI Versi\u00f3n del Premio Nacional de Periodismo La Bagatela y la VII del Premio al M\u00e9rito Period\u00edstico Eustorgio Colmenares Baptista. La actividad, que resalta el trabajo de los comunicadores en siete categor\u00edas, es organizada por el C\u00edrculo &hellip;<\/p>\n","protected":false},"author":1,"featured_media":38153,"comment_status":"open","ping_status":"open","sticky":false,"template":"","format":"standard","meta":{"footnotes":""},"categories":[4,37],"tags":[4451,5460,3116],"class_list":["post-38152","post","type-post","status-publish","format-standard","has-post-thumbnail","hentry","category-barra","category-paseo-cultural","tag-cpc","tag-periodismo-regional","tag-premio-la-bagatela"],"_links":{"self":[{"href":"https:\/\/contraluzcucuta.co\/index.php?rest_route=\/wp\/v2\/posts\/38152","targetHints":{"allow":["GET"]}}],"collection":[{"href":"https:\/\/contraluzcucuta.co\/index.php?rest_route=\/wp\/v2\/posts"}],"about":[{"href":"https:\/\/contraluzcucuta.co\/index.php?rest_route=\/wp\/v2\/types\/post"}],"author":[{"embeddable":true,"href":"https:\/\/contraluzcucuta.co\/index.php?rest_route=\/wp\/v2\/users\/1"}],"replies":[{"embeddable":true,"href":"https:\/\/contraluzcucuta.co\/index.php?rest_route=%2Fwp%2Fv2%2Fcomments&post=38152"}],"version-history":[{"count":1,"href":"https:\/\/contraluzcucuta.co\/index.php?rest_route=\/wp\/v2\/posts\/38152\/revisions"}],"predecessor-version":[{"id":38154,"href":"https:\/\/contraluzcucuta.co\/index.php?rest_route=\/wp\/v2\/posts\/38152\/revisions\/38154"}],"wp:featuredmedia":[{"embeddable":true,"href":"https:\/\/contraluzcucuta.co\/index.php?rest_route=\/wp\/v2\/media\/38153"}],"wp:attachment":[{"href":"https:\/\/contraluzcucuta.co\/index.php?rest_route=%2Fwp%2Fv2%2Fmedia&parent=38152"}],"wp:term":[{"taxonomy":"category","embeddable":true,"href":"https:\/\/contraluzcucuta.co\/index.php?rest_route=%2Fwp%2Fv2%2Fcategories&post=38152"},{"taxonomy":"post_tag","embeddable":true,"href":"https:\/\/contraluzcucuta.co\/index.php?rest_route=%2Fwp%2Fv2%2Ftags&post=38152"}],"curies":[{"name":"wp","href":"https:\/\/api.w.org\/{rel}","templated":true}]}}