{"id":38136,"date":"2022-09-20T16:12:16","date_gmt":"2022-09-20T21:12:16","guid":{"rendered":"http:\/\/contraluzcucuta.co\/?p=38136"},"modified":"2022-09-20T16:12:16","modified_gmt":"2022-09-20T21:12:16","slug":"efectocolectivo-programa-jovenes-resilientes-se-expande-en-cucuta","status":"publish","type":"post","link":"https:\/\/contraluzcucuta.co\/?p=38136","title":{"rendered":"#EfectoColectivo. Programa J\u00f3venes Resilientes se expande en C\u00facuta"},"content":{"rendered":"<p style=\"padding-left: 40px; text-align: right;\"><strong><span style=\"color: #ff9900;\">C\u00daCUTA.- 340 adolescentes y j\u00f3venes entre los 10 y los 29 a\u00f1os, residentes en el barrio Nuevo Horizonte y el corregimiento Palmarito (zona rural), se favorecer\u00e1n con la activaci\u00f3n en C\u00facuta de la nueva etapa del Programa J\u00f3venes Resilientes. As\u00ed se dio a conocer a las comunidades que participaron en las jornadas de socializaci\u00f3n promovidas en los territorios.<\/span><\/strong><\/p>\n<p>La Agencia de Estados Unidos para el Desarrollo Internacional (Usaid) y ACDI\/VOCA apoyan a iniciativa, en articulaci\u00f3n con las fundaciones El Pilar y Hablemos y la Corporaci\u00f3n Casa VivArte. Adem\u00e1s, la Fundaci\u00f3n 5ta con 5ta Crew, el Instituto Bolivariano Esdise\u00f1os (IBES), la Corporaci\u00f3n Minuto de Dios, la C\u00e1mara de Comercio de C\u00facuta, el Sena y la Corporaci\u00f3n Global Formaci\u00f3n potenciar\u00e1n y comunicar\u00e1n las habilidades, liderazgos, emprendimientos, oportunidades de educaci\u00f3n y espacios protectores en la capital nortesantandereana.<\/p>\n<p>El objetivo de los encuentros fue compartir con ni\u00f1os, adolescentes, j\u00f3venes y familias de las zonas priorizadas los resultados por los que el Programa J\u00f3venes Resilientes trabajar\u00e1 en cada una de las fases. Durante las reuniones se tejieron acciones l\u00fadicas junto a los cerca de 200 asistentes que le dijeron \u00a1s\u00ed! al #EfectoColectivo.<\/p>\n<p><a href=\"https:\/\/contraluzcucuta.co\/wp-content\/uploads\/2022\/09\/JOVENES-RESILIENTES-2.jpg\"><img loading=\"lazy\" decoding=\"async\" class=\"size-medium wp-image-38138 alignleft\" src=\"https:\/\/contraluzcucuta.co\/wp-content\/uploads\/2022\/09\/JOVENES-RESILIENTES-2-300x169.jpg\" alt=\"\" width=\"300\" height=\"169\" srcset=\"https:\/\/contraluzcucuta.co\/wp-content\/uploads\/2022\/09\/JOVENES-RESILIENTES-2-300x169.jpg 300w, https:\/\/contraluzcucuta.co\/wp-content\/uploads\/2022\/09\/JOVENES-RESILIENTES-2-600x337.jpg 600w, https:\/\/contraluzcucuta.co\/wp-content\/uploads\/2022\/09\/JOVENES-RESILIENTES-2-1024x576.jpg 1024w, https:\/\/contraluzcucuta.co\/wp-content\/uploads\/2022\/09\/JOVENES-RESILIENTES-2-768x432.jpg 768w, https:\/\/contraluzcucuta.co\/wp-content\/uploads\/2022\/09\/JOVENES-RESILIENTES-2.jpg 1487w\" sizes=\"auto, (max-width: 300px) 100vw, 300px\" \/><\/a><\/p>\n<p><strong>\u00bfQu\u00e9 se busca?<\/strong><\/p>\n<p>El Programa J\u00f3venes Resilientes impulsa los proyectos de vida de juventudes de 30 municipios de Colombia, incluida la \u201cciudad frontera\u201d. La iniciativa busca favorecer la resiliencia juvenil y alcanzar el m\u00e1ximo potencial de los j\u00f3venes como sujetos seguros, productivos, saludables y comprometidos con ambientes que promuevan la protecci\u00f3n, por medio de iniciativas cocreadas con representantes locales en cada territorio.<\/p>\n<p>El programa est\u00e1 estructurado en tres resultados program\u00e1ticos y un cuarto transversal, que estar\u00e1n bajo el liderazgo de las organizaciones regionales, que ser\u00e1n los socios operadores de los procesos:<\/p>\n<ul>\n<li>Resultado 1: Relaciones y redes saludables que buscan el fortalecimiento de las habilidades del ser mediante acompa\u00f1amiento sicosocial, dirigido al joven y la familia, seg\u00fan la necesidad de cada participante. Estar\u00e1 liderado por la Fundaci\u00f3n Hablemos.<\/li>\n<li>Resultado 2: Promoci\u00f3n de entornos protectores, que busca el desarrollo de habilidades del saber estar y saber hacer mediante el fomento de espacios de encuentro comunitario, en los que se promueva el descubrimiento de talentos y el ejercicio del liderazgo. En esta etapa las comunidades ser\u00e1n acompa\u00f1adas por las fundaciones El Pilar y 5ta con 5ta Crew, y el IBES.<\/li>\n<li>Resultado 3: Empoderamiento econ\u00f3mico juvenil que busca el fomento de oportunidades de cualificaci\u00f3n para el empleo y fortalecimiento de emprendimientos juveniles. Los j\u00f3venes participantes ser\u00e1n guiados por la Corporaci\u00f3n Casa ViVarte con la Corporaci\u00f3n Minuto de Dios, la C\u00e1mara de Comercio de C\u00facuta, el Sena y la Corporaci\u00f3n Global Formaci\u00f3n. Las fundaciones El Pilar y 5ta con 5ta Crew, y el IBES pondr\u00e1n a disposici\u00f3n su portafolio.<\/li>\n<li>Resultado 4: Relaciones estrat\u00e9gicas para la cohesi\u00f3n social, que invita a difundir los procesos transformadores que inspiran cambios en los territorios y que son liderados por j\u00f3venes mediante iniciativas colectivas. Ser\u00e1n acompa\u00f1ados por la Fundaci\u00f3n el Pilar, la 5ta con 5ta Crew e IBES.<\/li>\n<\/ul>\n<p>El recorrido para lograr el efecto colectivo en los j\u00f3venes del barrio Nuevo Horizonte y el corregimiento Palmarito ser\u00e1 de un a\u00f1o. Se construir\u00e1 con los participantes mediante la implementaci\u00f3n de planes de resiliencia juvenil, con acompa\u00f1amiento sist\u00e9mico y hol\u00edstico de las organizaciones implicadas para abordar de manera integral los resultados.<\/p>\n","protected":false},"excerpt":{"rendered":"<p>C\u00daCUTA.- 340 adolescentes y j\u00f3venes entre los 10 y los 29 a\u00f1os, residentes en el barrio Nuevo Horizonte y el corregimiento Palmarito (zona rural), se favorecer\u00e1n con la activaci\u00f3n en C\u00facuta de la nueva etapa del Programa J\u00f3venes Resilientes. As\u00ed se dio a conocer a las comunidades que participaron en las jornadas de socializaci\u00f3n promovidas &hellip;<\/p>\n","protected":false},"author":1,"featured_media":38137,"comment_status":"open","ping_status":"open","sticky":false,"template":"","format":"standard","meta":{"footnotes":""},"categories":[4,36],"tags":[5308,5481,5480],"class_list":["post-38136","post","type-post","status-publish","format-standard","has-post-thumbnail","hentry","category-barra","category-la-voz-del-pueblo","tag-5ta-con-5ta-crew","tag-efecto-colectivo","tag-jovenes-resilientes"],"_links":{"self":[{"href":"https:\/\/contraluzcucuta.co\/index.php?rest_route=\/wp\/v2\/posts\/38136","targetHints":{"allow":["GET"]}}],"collection":[{"href":"https:\/\/contraluzcucuta.co\/index.php?rest_route=\/wp\/v2\/posts"}],"about":[{"href":"https:\/\/contraluzcucuta.co\/index.php?rest_route=\/wp\/v2\/types\/post"}],"author":[{"embeddable":true,"href":"https:\/\/contraluzcucuta.co\/index.php?rest_route=\/wp\/v2\/users\/1"}],"replies":[{"embeddable":true,"href":"https:\/\/contraluzcucuta.co\/index.php?rest_route=%2Fwp%2Fv2%2Fcomments&post=38136"}],"version-history":[{"count":1,"href":"https:\/\/contraluzcucuta.co\/index.php?rest_route=\/wp\/v2\/posts\/38136\/revisions"}],"predecessor-version":[{"id":38139,"href":"https:\/\/contraluzcucuta.co\/index.php?rest_route=\/wp\/v2\/posts\/38136\/revisions\/38139"}],"wp:featuredmedia":[{"embeddable":true,"href":"https:\/\/contraluzcucuta.co\/index.php?rest_route=\/wp\/v2\/media\/38137"}],"wp:attachment":[{"href":"https:\/\/contraluzcucuta.co\/index.php?rest_route=%2Fwp%2Fv2%2Fmedia&parent=38136"}],"wp:term":[{"taxonomy":"category","embeddable":true,"href":"https:\/\/contraluzcucuta.co\/index.php?rest_route=%2Fwp%2Fv2%2Fcategories&post=38136"},{"taxonomy":"post_tag","embeddable":true,"href":"https:\/\/contraluzcucuta.co\/index.php?rest_route=%2Fwp%2Fv2%2Ftags&post=38136"}],"curies":[{"name":"wp","href":"https:\/\/api.w.org\/{rel}","templated":true}]}}