{"id":38133,"date":"2022-09-20T14:29:23","date_gmt":"2022-09-20T19:29:23","guid":{"rendered":"http:\/\/contraluzcucuta.co\/?p=38133"},"modified":"2022-09-20T14:29:23","modified_gmt":"2022-09-20T19:29:23","slug":"necrologia-la-persona-viva-a-la-que-mas-admiro-es-amparo-grisales-j-mario-martinez","status":"publish","type":"post","link":"https:\/\/contraluzcucuta.co\/?p=38133","title":{"rendered":"NECROLOG\u00cdA. La persona viva a la que m\u00e1s admiro es Amparo Grisales: J. Mario Mart\u00ednez"},"content":{"rendered":"<ul>\n<li><strong><span style=\"color: #ff9900;\"><em>El periodista J. Mario Mart\u00ednez falleci\u00f3 en Bogot\u00e1, luego de padecer una enfermedad que lo alej\u00f3 de los medios de comunicaci\u00f3n y de los c\u00edrculos que frecuent\u00f3. A\u00f1os atr\u00e1s, ofreci\u00f3 esta entrevista a Carolina Jaimes Valderrama, entonces estudiante de Comunicaci\u00f3n Social, en la Universidad de Pamplona (C\u00facuta). <\/em><\/span><\/strong><\/li>\n<\/ul>\n<p><strong>\u00bfCu\u00e1l es su idea de la felicidad perfecta? <\/strong><\/p>\n<p>Que debe llenar las expectativas del consumidor en todo sentido, en calidad de productos.<\/p>\n<p><strong>\u00bfCu\u00e1l es su gran miedo? <\/strong><\/p>\n<p>El miedo de todo profesional al principio, hablar en p\u00fablico.<\/p>\n<p><strong>\u00bfCon que personaje hist\u00f3rico se siente m\u00e1s identificado? <\/strong><\/p>\n<p>Jorge Eli\u00e9cer Gait\u00e1n y Sim\u00f3n Bol\u00edvar.<\/p>\n<p><strong>\u00bfQui\u00e9n es la persona viva a la que m\u00e1s admira? <\/strong><\/p>\n<p>Amparo Grisales.<\/p>\n<p><strong>\u00bfCu\u00e1l es el rasgo que m\u00e1s le desagrada de s\u00ed mismo? <\/strong><\/p>\n<p>El deseo de hacer las cosas lo mejor que se pueda, de una forma r\u00e1pida.<\/p>\n<p><strong>\u00a0\u00bfCu\u00e1l es el rasgo que m\u00e1s le desagrada de los dem\u00e1s? <\/strong><\/p>\n<p>La hipocres\u00eda, la falsedad.<\/p>\n<p><strong>\u00bfCu\u00e1l es su mayor extravagancia? <\/strong><\/p>\n<p>La presentaci\u00f3n personal.<\/p>\n<p><strong>\u00bfCu\u00e1l es su viaje favorito? <\/strong><\/p>\n<p>Conocer la Tierra Santa.<\/p>\n<p><strong>\u00bfCu\u00e1l considera que es la virtud m\u00e1s sobrevalorada? <\/strong><\/p>\n<p>Ser sensible y humano con los dem\u00e1s.<\/p>\n<p><strong>\u00bfEn qu\u00e9 ocasiones recurre a la mentira? <\/strong><\/p>\n<p>Son mentiras piadosas.<\/p>\n<p><strong>\u00bfQu\u00e9 es lo que menos le gusta de su aspecto? <\/strong><\/p>\n<p>La vejez.<\/p>\n<p><strong>\u00bfQu\u00e9 persona viva le inspira m\u00e1s desprecio? <\/strong><\/p>\n<p>No he sido capaz de despreciar a nadie.<\/p>\n<p><strong>\u00bfDe qu\u00e9 palabras o frases abusa? \u00a0<\/strong><\/p>\n<p>Siempre he tratado de no abusar del l\u00e9xico, sino de decir las cosas concretas<\/p>\n<p><strong>\u00bfCu\u00e1l es su gran pesar? <\/strong><\/p>\n<p>No haber sido el arquitecto de mi propio futuro.<\/p>\n<p><strong>\u00bfQu\u00e9 o qui\u00e9n es el gran amor de su vida? <\/strong><\/p>\n<p>La primera novia de la ni\u00f1ez.<\/p>\n<p><strong>\u00bfCu\u00e1ndo y d\u00f3nde fue m\u00e1s feliz? <\/strong><\/p>\n<p>La llegada a este mundo de mi d\u00e9cimo segundo nieto.<\/p>\n<p><strong>\u00bfQu\u00e9 talento le gustar\u00eda tener? \u00a0<\/strong><\/p>\n<p>Servir a los dem\u00e1s sin barreras.<\/p>\n<p><strong>\u00bfCu\u00e1l su estado de \u00e1nimo actual? <\/strong><\/p>\n<p>Triste por falta de estabilidad emocional.<\/p>\n<p><strong>Si pudiera cambiar una \u00fanica cosa de usted \u00bfQu\u00e9 elegir\u00eda? <\/strong><\/p>\n<p>Mi estabilidad emocional.<\/p>\n<p><strong>Si pudiera cambiar una \u00fanica cosa de su familia \u00bfQu\u00e9 elegir\u00eda? <\/strong><\/p>\n<p>La comprensi\u00f3n, el amor y la humildad.<\/p>\n<p><strong>\u00bfCu\u00e1l considera que es su logro? <\/strong><\/p>\n<p>Haber superado las primeras etapas de mi vida como ser humano.<\/p>\n<p><strong>Si muriese y se reencarnase en una persona o cosa, \u00bfqu\u00e9 ser\u00eda? <\/strong><\/p>\n<p>Sim\u00f3n Bol\u00edvar.<\/p>\n<p><strong>Si pudiera elegir en que reencarnarse, \u00bfQu\u00e9 ser\u00eda? <\/strong><\/p>\n<p>Jorge Eli\u00e9cer Gait\u00e1n.<\/p>\n<p><strong>\u00bfCu\u00e1l es su bien m\u00e1s preciado? <\/strong><\/p>\n<p>La espiritualidad.<\/p>\n<p><strong>\u00bfCu\u00e1l es para usted la m\u00e1xima expresi\u00f3n de la miseria? <\/strong><\/p>\n<p>Ver convertida la humanidad en una miseria.<\/p>\n<p><strong>\u00bfD\u00f3nde le gustar\u00eda vivir? <\/strong><\/p>\n<p>En Bucaramanga o Ecuador.<\/p>\n<p><strong>\u00bfCu\u00e1l es su pasatiempo favorito? <\/strong><\/p>\n<p>El medio ambiente, la fauna y el turismo internacional.<\/p>\n<p><strong>\u00bfCu\u00e1l es su rasgo m\u00e1s caracter\u00edstico? <\/strong><\/p>\n<p>La buena voluntad de servir a los dem\u00e1s.<\/p>\n<p><strong>\u00bfCu\u00e1l es la cualidad que m\u00e1s le gusta de un hombre? <\/strong><\/p>\n<p>Que re\u00fana todas las expectativas que requieren el sexo opuesto y la familia.<\/p>\n<p><strong>\u00bfCu\u00e1l es la cualidad que le gusta m\u00e1s de una mujer? \u00a0<\/strong><\/p>\n<p>Aparte de la belleza, la espiritualidad y la humildad.<\/p>\n<p><strong>\u00bfQu\u00e9 es lo que m\u00e1s\u00a0valora en sus amigos? <\/strong><\/p>\n<p>La amistad sincera y cordial.<\/p>\n<p><strong>\u00bfQui\u00e9nes son sus escritores favoritos? <\/strong><\/p>\n<p>Gabriel Garc\u00eda M\u00e1rquez y Ernest\u00a0Hemingway.<\/p>\n<p><strong>\u00bfQui\u00e9n es su h\u00e9roe de ficci\u00f3n preferido? <\/strong><\/p>\n<p>Superm\u00e1n.<\/p>\n<p><strong>\u00bfQui\u00e9nes son sus h\u00e9roes en la vida real? <\/strong><\/p>\n<p>Los grandes l\u00edderes pol\u00edticos que han pasado por la historia colombiana.<\/p>\n<p><strong>\u00bfCu\u00e1les son sus nombres favoritos? <\/strong><\/p>\n<p>George Washington y John F. Kennedy.<\/p>\n<p><strong>\u00bfQu\u00e9 es lo que m\u00e1s detesta? <\/strong><\/p>\n<p>La falta de compromiso y la deslealtad<\/p>\n<p><strong>\u00bfC\u00f3mo le gustar\u00eda morir? <\/strong><\/p>\n<p>En paz y en la gracia de Dios<\/p>\n<p><strong>CAROLINA JAIMES VALDERRAMA<\/strong><\/p>\n","protected":false},"excerpt":{"rendered":"<p>El periodista J. Mario Mart\u00ednez falleci\u00f3 en Bogot\u00e1, luego de padecer una enfermedad que lo alej\u00f3 de los medios de comunicaci\u00f3n y de los c\u00edrculos que frecuent\u00f3. A\u00f1os atr\u00e1s, ofreci\u00f3 esta entrevista a Carolina Jaimes Valderrama, entonces estudiante de Comunicaci\u00f3n Social, en la Universidad de Pamplona (C\u00facuta). \u00bfCu\u00e1l es su idea de la felicidad perfecta? &hellip;<\/p>\n","protected":false},"author":1,"featured_media":38134,"comment_status":"open","ping_status":"open","sticky":false,"template":"","format":"standard","meta":{"footnotes":""},"categories":[4,1967],"tags":[5479,1948,3458],"class_list":["post-38133","post","type-post","status-publish","format-standard","has-post-thumbnail","hentry","category-barra","category-necrologias","tag-j-mario-martinez","tag-necrologias-cucutenas","tag-periodismo-cucuteno"],"_links":{"self":[{"href":"https:\/\/contraluzcucuta.co\/index.php?rest_route=\/wp\/v2\/posts\/38133","targetHints":{"allow":["GET"]}}],"collection":[{"href":"https:\/\/contraluzcucuta.co\/index.php?rest_route=\/wp\/v2\/posts"}],"about":[{"href":"https:\/\/contraluzcucuta.co\/index.php?rest_route=\/wp\/v2\/types\/post"}],"author":[{"embeddable":true,"href":"https:\/\/contraluzcucuta.co\/index.php?rest_route=\/wp\/v2\/users\/1"}],"replies":[{"embeddable":true,"href":"https:\/\/contraluzcucuta.co\/index.php?rest_route=%2Fwp%2Fv2%2Fcomments&post=38133"}],"version-history":[{"count":1,"href":"https:\/\/contraluzcucuta.co\/index.php?rest_route=\/wp\/v2\/posts\/38133\/revisions"}],"predecessor-version":[{"id":38135,"href":"https:\/\/contraluzcucuta.co\/index.php?rest_route=\/wp\/v2\/posts\/38133\/revisions\/38135"}],"wp:featuredmedia":[{"embeddable":true,"href":"https:\/\/contraluzcucuta.co\/index.php?rest_route=\/wp\/v2\/media\/38134"}],"wp:attachment":[{"href":"https:\/\/contraluzcucuta.co\/index.php?rest_route=%2Fwp%2Fv2%2Fmedia&parent=38133"}],"wp:term":[{"taxonomy":"category","embeddable":true,"href":"https:\/\/contraluzcucuta.co\/index.php?rest_route=%2Fwp%2Fv2%2Fcategories&post=38133"},{"taxonomy":"post_tag","embeddable":true,"href":"https:\/\/contraluzcucuta.co\/index.php?rest_route=%2Fwp%2Fv2%2Ftags&post=38133"}],"curies":[{"name":"wp","href":"https:\/\/api.w.org\/{rel}","templated":true}]}}