{"id":38127,"date":"2022-09-18T19:53:21","date_gmt":"2022-09-19T00:53:21","guid":{"rendered":"http:\/\/contraluzcucuta.co\/?p=38127"},"modified":"2022-09-18T19:53:21","modified_gmt":"2022-09-19T00:53:21","slug":"futbol-de-segunda-profesor-bernardo-esto-es-lo-que-hay","status":"publish","type":"post","link":"https:\/\/contraluzcucuta.co\/?p=38127","title":{"rendered":"F\u00daTBOL DE SEGUNDA. Profesor Bernardo, esto es lo que hay"},"content":{"rendered":"<p style=\"padding-left: 40px; text-align: right;\"><strong><span style=\"color: #ff9900;\">C\u00daCUTA.- El debut de Bernardo Red\u00edn como t\u00e9cnico del C\u00facuta Deportivo no pudo ser mejor. Los aficionados alentaron al equipo como de costumbre, la Banda se salt\u00f3 de tribuna en tribuna, los de Oriental se acomodaron en Occidental, los ni\u00f1os jugaron a so\u00f1ar y los adultos se entretuvieron con lo ocurrido en la cancha.<\/span><\/strong><\/p>\n<p>Ese panorama es el que lo acompa\u00f1ar\u00e1 en las fechas venideras contra Real Cartagena (23 de septiembre) y Tigres (8 de octubre). El General Santander le dio la bienvenida, con la ilusi\u00f3n que se ama\u00f1e y si no es en este a\u00f1o que sea en el 2023, el ascenso a Primera. Es la esperanza de los millares de abonados m\u00e1s los fieles que van al estadio porque quieren a la divisa rojinegra.<\/p>\n<p>En el curso de la semana, al anunciarse la llegada del socio del Pibe hubo sonrisas de satisfacci\u00f3n y comentario de respaldo por haber sido el escudero de Reinaldo Rueda durante buen tiempo. Algunos se atrevieron a decir que dej\u00f3 tirado a su mentor por aceptar venir a remplazar a Aquivaldo.<\/p>\n<p><a href=\"https:\/\/contraluzcucuta.co\/wp-content\/uploads\/2022\/09\/CUCUTA-VILLAVICENCIO-3.jpg\"><img loading=\"lazy\" decoding=\"async\" class=\"alignnone size-medium wp-image-38129 alignleft\" src=\"https:\/\/contraluzcucuta.co\/wp-content\/uploads\/2022\/09\/CUCUTA-VILLAVICENCIO-3-300x135.jpg\" alt=\"\" width=\"300\" height=\"135\" srcset=\"https:\/\/contraluzcucuta.co\/wp-content\/uploads\/2022\/09\/CUCUTA-VILLAVICENCIO-3-300x135.jpg 300w, https:\/\/contraluzcucuta.co\/wp-content\/uploads\/2022\/09\/CUCUTA-VILLAVICENCIO-3-600x270.jpg 600w, https:\/\/contraluzcucuta.co\/wp-content\/uploads\/2022\/09\/CUCUTA-VILLAVICENCIO-3-1024x461.jpg 1024w, https:\/\/contraluzcucuta.co\/wp-content\/uploads\/2022\/09\/CUCUTA-VILLAVICENCIO-3-768x346.jpg 768w, https:\/\/contraluzcucuta.co\/wp-content\/uploads\/2022\/09\/CUCUTA-VILLAVICENCIO-3.jpg 1280w\" sizes=\"auto, (max-width: 300px) 100vw, 300px\" \/><\/a><\/p>\n<p>Mosquera le dej\u00f3 como herencia tres partidos ganados, tres empatados y seis perdidos. De 46 puntos posibles en 12 fechas, el once motil\u00f3n acumul\u00f3 12, lejos de los ocho que disputar\u00e1n la final del Torneo de la B. No le fue bien al t\u00e9cnico prim\u00edparo y pago los \u2018platos rotos\u2019 a la hora de hacer cuentas y recuentas para saber qu\u00e9 se ten\u00eda en el equipo.<\/p>\n<p>Los directivos cucute\u00f1os aguantaron a Aquivaldo, quiz\u00e1s, m\u00e1s de lo esperado por los aficionados. Despu\u00e9s de ver al equipo caer en seis ocasiones el desespero se volvi\u00f3 desilusi\u00f3n y de ah\u00ed se pas\u00f3 a la insistencia de la salida del club. Los accionistas le dieron largas para ver si esa platica invertida en el entrenador primerizo no se perd\u00eda. Todo fue en vano, hasta que no hubo m\u00e1s fuerza para soportarlo.<\/p>\n<p>Ahora, llega un hist\u00f3rico del f\u00fatbol profesional colombiano, un jugador de pergaminos y consentido por la afici\u00f3n. Pas\u00f3 por equipos grandes y visti\u00f3 la tricolor con honores. Ese recorrido lo lleva a ser considerado un conocedor del balompi\u00e9 nacional en toda la dimensi\u00f3n. Sabe tanto de la A como de la B. Quiz\u00e1s no sea en \u2018Redin-tor\u2019 en este 2022, porque las cartas est\u00e1n echadas.<\/p>\n<p>Este domingo, en el juego contra Valledupar, el primero desde la l\u00ednea como t\u00e9cnico del C\u00facuta, Red\u00edn pudo sopesar al equipo y conocer los valores con los que cuenta. De entrada, hubo cambios sustanciales en los laterales, en el medio campo dej\u00f3 fuera de convocatoria a Lucas (10) y arriba, solo hasta el segundo tiempo ech\u00f3 mano de Arias.<\/p>\n<p>De entrada, pod\u00eda pensarse que \u2018escoba nueva barre bien\u2019, porque a los 5 minutos del partido, C\u00e9sar Carrillo abri\u00f3 el marcador con un gol de otro partido y de otra categor\u00eda. Si los noticieros de televisi\u00f3n no lo dan como el gol de la fecha es porque no lo vieron en directo. De lejos, con potencia, el bal\u00f3n zigzague\u00f3 y no dio chace al portero visitante de atajarlo.<\/p>\n<p>Al profesor Bernardo, secundado por su hermano Juli\u00e1n en los menesteres t\u00e9cnicos, se lo vio tranquilo en esos minutos que transcurr\u00edan a la velocidad imprimida por los motilones. Arriba, Agudelo se bat\u00eda entre los rivales en procura de esa anotaci\u00f3n que no llega para hacer gritar a los hinchas \u2018goleador, goleador\u2019, como en otras \u00e9pocas.<\/p>\n<p>Cada integrante del cuadro fronterizo cumpli\u00f3 a cabalidad con el oficio encomendado, hasta el punto que Red\u00edn no tom\u00f3 la decisi\u00f3n de hacer cambios sino hasta despu\u00e9s del empate, obra de Dairon Valencia. En el minuto 67 los asistentes al General sintieron ese aire helado que corre por las venas y que anuncia desgracia, cuando Jefry Zapata perdi\u00f3 el bal\u00f3n en el centro del campo y se arm\u00f3 la seguidilla de pases que termin\u00f3 con el gol de los rayados verdiblancos.<\/p>\n<p><a href=\"https:\/\/contraluzcucuta.co\/wp-content\/uploads\/2022\/09\/CUCUTA-VILLAVICENCIO-2.jpg\"><img loading=\"lazy\" decoding=\"async\" class=\"alignnone size-medium wp-image-38130 alignleft\" src=\"https:\/\/contraluzcucuta.co\/wp-content\/uploads\/2022\/09\/CUCUTA-VILLAVICENCIO-2-300x135.jpg\" alt=\"\" width=\"300\" height=\"135\" srcset=\"https:\/\/contraluzcucuta.co\/wp-content\/uploads\/2022\/09\/CUCUTA-VILLAVICENCIO-2-300x135.jpg 300w, https:\/\/contraluzcucuta.co\/wp-content\/uploads\/2022\/09\/CUCUTA-VILLAVICENCIO-2-600x270.jpg 600w, https:\/\/contraluzcucuta.co\/wp-content\/uploads\/2022\/09\/CUCUTA-VILLAVICENCIO-2-1024x461.jpg 1024w, https:\/\/contraluzcucuta.co\/wp-content\/uploads\/2022\/09\/CUCUTA-VILLAVICENCIO-2-768x346.jpg 768w, https:\/\/contraluzcucuta.co\/wp-content\/uploads\/2022\/09\/CUCUTA-VILLAVICENCIO-2.jpg 1280w\" sizes=\"auto, (max-width: 300px) 100vw, 300px\" \/><\/a><\/p>\n<p>De ah\u00ed en adelante, el C\u00facuta entr\u00f3 en angustia. M\u00e1s refuerzos a la cancha en procura de cuadrar caja y no dejar en d\u00e9ficit futbol\u00edstico el estreno de Bernardo. Los tel\u00e9fonos celulares encendieron las linternas para alumbrar el camino al triunfo. Y la premonici\u00f3n del aficionado al comienzo del partido de cumpli\u00f3. Minuto 82, gol. 2-1.<\/p>\n<p>El refranero manda que quien peca y reza empata. Eso ocurri\u00f3 con Zapata, el villano que provoc\u00f3 la paridad en el marcador, ahora ser\u00eda el h\u00e9roe de la tarde dominical. La jugada fue de Monsalve. As\u00ed es el f\u00fatbol. La anotaci\u00f3n, recordar\u00e1 la historia, corresponde a Jefry Arley.<\/p>\n<p>Alegr\u00eda desbordante en los grader\u00edos, momento de gloria en la cancha y satisfacci\u00f3n personal hasta el delirio. Zapata no pudo con la emoci\u00f3n, pidi\u00f3 a los aficionados que entonaran el coro \u2018C\u00facuta, C\u00facuta, C\u00facuta\u2019, porque no sent\u00eda ese grito de batalla que tan bonito se escucha en el estadio. Para rematar el instante de \u00e9xtasis, pidi\u00f3 un tel\u00e9fono celular y se tom\u00f3 la selfi con los hinchas como fondo.<\/p>\n<p>As\u00ed, vale la pena asistir al estadio. Sin sobresaltos, sin temores, sin presentimientos negativos. Al contrario, por el estreno positivo del \u2018Red\u00edn-tor\u2019, con el triunfo motil\u00f3n y con la cara amable de los aficionados. Esto es lo que hay en C\u00facuta, profesor Bernardo. En sus manos est\u00e1 cuidarlo como un bot\u00edn o desperdiciarlo.<\/p>\n<p>RAFAEL ANTONIO PAB\u00d3N<\/p>\n<p><a href=\"mailto:rafaelpabon58@hotmail.com\">rafaelpabon58@hotmail.com<\/a><\/p>\n","protected":false},"excerpt":{"rendered":"<p>C\u00daCUTA.- El debut de Bernardo Red\u00edn como t\u00e9cnico del C\u00facuta Deportivo no pudo ser mejor. Los aficionados alentaron al equipo como de costumbre, la Banda se salt\u00f3 de tribuna en tribuna, los de Oriental se acomodaron en Occidental, los ni\u00f1os jugaron a so\u00f1ar y los adultos se entretuvieron con lo ocurrido en la cancha. Ese &hellip;<\/p>\n","protected":false},"author":1,"featured_media":38128,"comment_status":"open","ping_status":"open","sticky":false,"template":"","format":"standard","meta":{"footnotes":""},"categories":[4,28],"tags":[5478,5444,4323],"class_list":["post-38127","post","type-post","status-publish","format-standard","has-post-thumbnail","hentry","category-barra","category-vistazo-deportivo","tag-bernardo-redin","tag-cucuta-deportivo-2022","tag-valledupar-fc"],"_links":{"self":[{"href":"https:\/\/contraluzcucuta.co\/index.php?rest_route=\/wp\/v2\/posts\/38127","targetHints":{"allow":["GET"]}}],"collection":[{"href":"https:\/\/contraluzcucuta.co\/index.php?rest_route=\/wp\/v2\/posts"}],"about":[{"href":"https:\/\/contraluzcucuta.co\/index.php?rest_route=\/wp\/v2\/types\/post"}],"author":[{"embeddable":true,"href":"https:\/\/contraluzcucuta.co\/index.php?rest_route=\/wp\/v2\/users\/1"}],"replies":[{"embeddable":true,"href":"https:\/\/contraluzcucuta.co\/index.php?rest_route=%2Fwp%2Fv2%2Fcomments&post=38127"}],"version-history":[{"count":2,"href":"https:\/\/contraluzcucuta.co\/index.php?rest_route=\/wp\/v2\/posts\/38127\/revisions"}],"predecessor-version":[{"id":38132,"href":"https:\/\/contraluzcucuta.co\/index.php?rest_route=\/wp\/v2\/posts\/38127\/revisions\/38132"}],"wp:featuredmedia":[{"embeddable":true,"href":"https:\/\/contraluzcucuta.co\/index.php?rest_route=\/wp\/v2\/media\/38128"}],"wp:attachment":[{"href":"https:\/\/contraluzcucuta.co\/index.php?rest_route=%2Fwp%2Fv2%2Fmedia&parent=38127"}],"wp:term":[{"taxonomy":"category","embeddable":true,"href":"https:\/\/contraluzcucuta.co\/index.php?rest_route=%2Fwp%2Fv2%2Fcategories&post=38127"},{"taxonomy":"post_tag","embeddable":true,"href":"https:\/\/contraluzcucuta.co\/index.php?rest_route=%2Fwp%2Fv2%2Ftags&post=38127"}],"curies":[{"name":"wp","href":"https:\/\/api.w.org\/{rel}","templated":true}]}}