{"id":38113,"date":"2022-08-30T16:23:13","date_gmt":"2022-08-30T21:23:13","guid":{"rendered":"http:\/\/contraluzcucuta.co\/?p=38113"},"modified":"2022-08-30T16:23:13","modified_gmt":"2022-08-30T21:23:13","slug":"acord-norte-periodistas-deportivos-extienden-convenio-de-servicios-con-los-olivos","status":"publish","type":"post","link":"https:\/\/contraluzcucuta.co\/?p=38113","title":{"rendered":"ACORD NORTE. Periodistas deportivos extienden convenio de servicios con Los Olivos"},"content":{"rendered":"<p style=\"padding-left: 40px; text-align: right;\"><strong><span style=\"color: #ff9900;\">C\u00daCUTA.- Acord Norte de Santander y Serfunorte Los Olivos renovaron el convenio interinstitucional que beneficia a los periodistas deportivos afiliados a la Asociaci\u00f3n. La alianza estrat\u00e9gica, que cumpli\u00f3 siete a\u00f1os, fue refrendada por el presidente del gremio regional Arnulfo S\u00e1nchez; Bertha leal, representante de Serfunorte, y Erika Leal, directora comercial de la entidad del sector funerario.<\/span><\/strong><\/p>\n<p>En el tiempo transcurrido las partes han aprovechado las bondades del convenio. \u201cPara Los Olivos es importante, como familia, hacer eco al lema \u2018Un homenaje al amor\u2019, mediante el acompa\u00f1amiento\u201d en los momentos dif\u00edciles, dijo Erika Leal.<\/p>\n<p>S\u00e1nchez Due\u00f1as reconoci\u00f3 que los beneficios recibidos son importante y necesarios, sobre todo en esta \u00e9poca de pospandemia. \u201cLa atenci\u00f3n bridada al ser querido es esa compa\u00f1\u00eda que se requiere en el momento oportuno\u201d. Record\u00f3 que el compromiso como Acord es retribuir de manera seria y legal para hablar de Los Olivos.<\/p>\n<p><a href=\"https:\/\/contraluzcucuta.co\/wp-content\/uploads\/2022\/08\/ACORD-LOS-OLIVOS-2.jpg\"><img loading=\"lazy\" decoding=\"async\" class=\"alignnone size-medium wp-image-38115 alignleft\" src=\"https:\/\/contraluzcucuta.co\/wp-content\/uploads\/2022\/08\/ACORD-LOS-OLIVOS-2-300x135.jpg\" alt=\"\" width=\"300\" height=\"135\" srcset=\"https:\/\/contraluzcucuta.co\/wp-content\/uploads\/2022\/08\/ACORD-LOS-OLIVOS-2-300x135.jpg 300w, https:\/\/contraluzcucuta.co\/wp-content\/uploads\/2022\/08\/ACORD-LOS-OLIVOS-2-600x270.jpg 600w, https:\/\/contraluzcucuta.co\/wp-content\/uploads\/2022\/08\/ACORD-LOS-OLIVOS-2-1024x461.jpg 1024w, https:\/\/contraluzcucuta.co\/wp-content\/uploads\/2022\/08\/ACORD-LOS-OLIVOS-2-768x346.jpg 768w, https:\/\/contraluzcucuta.co\/wp-content\/uploads\/2022\/08\/ACORD-LOS-OLIVOS-2-1536x691.jpg 1536w, https:\/\/contraluzcucuta.co\/wp-content\/uploads\/2022\/08\/ACORD-LOS-OLIVOS-2.jpg 1600w\" sizes=\"auto, (max-width: 300px) 100vw, 300px\" \/><\/a><\/p>\n<p>El plan exequial les brinda a los periodistas de la Acord y al n\u00facleo familiar principal:<\/p>\n<ol>\n<li>Tener cobertura integral. Va desde los servicios iniciales, que significa el velatorio, hasta el destino final en el parque cementerio.<\/li>\n<li>Acompa\u00f1amiento en cada momento<\/li>\n<\/ol>\n<p>3.- Servicios postexequiales<\/p>\n<p>4.- Acompa\u00f1amiento sicol\u00f3gico<\/p>\n<ol start=\"5\">\n<li>Manejo del duelo<\/li>\n<\/ol>\n<p>6.- Eucarist\u00eda del primer mes y de aniversario<\/p>\n<p>7.- Asesor\u00eda legal o jur\u00eddica.<\/p>\n<p>\u201cNos hemos esmerado para que aquella persona que conf\u00eda en nosotros como empresa del sector funerario con solo contactarnos telef\u00f3nicamente sienta la tranquilidad de saber que vamos a acompa\u00f1arla para rendirle el m\u00e1s hermoso homenaje al ser querido\u201d, dijo Erika Leal.<\/p>\n<p>El presidente Arnulfo S\u00e1nchez estuvo acompa\u00f1ado por algunos integrantes de la junta directiva y miembros de la Asociaci\u00f3n. La directora comercial Erika Leal fue respaldada por Diego Maldonado, coordinador general empresarial, y Sergio Blanco, coordinador general de ventas.<\/p>\n<p>Al final de la reuni\u00f3n hubo intercambio de detalles, como s\u00edmbolo de amistad interinstitucional.<\/p>\n","protected":false},"excerpt":{"rendered":"<p>C\u00daCUTA.- Acord Norte de Santander y Serfunorte Los Olivos renovaron el convenio interinstitucional que beneficia a los periodistas deportivos afiliados a la Asociaci\u00f3n. La alianza estrat\u00e9gica, que cumpli\u00f3 siete a\u00f1os, fue refrendada por el presidente del gremio regional Arnulfo S\u00e1nchez; Bertha leal, representante de Serfunorte, y Erika Leal, directora comercial de la entidad del sector &hellip;<\/p>\n","protected":false},"author":1,"featured_media":38114,"comment_status":"open","ping_status":"open","sticky":false,"template":"","format":"standard","meta":{"footnotes":""},"categories":[4,28],"tags":[4346,5476,5475],"class_list":["post-38113","post","type-post","status-publish","format-standard","has-post-thumbnail","hentry","category-barra","category-vistazo-deportivo","tag-acord-norte","tag-plan-exequial","tag-serfunorte-los-olivos"],"_links":{"self":[{"href":"https:\/\/contraluzcucuta.co\/index.php?rest_route=\/wp\/v2\/posts\/38113","targetHints":{"allow":["GET"]}}],"collection":[{"href":"https:\/\/contraluzcucuta.co\/index.php?rest_route=\/wp\/v2\/posts"}],"about":[{"href":"https:\/\/contraluzcucuta.co\/index.php?rest_route=\/wp\/v2\/types\/post"}],"author":[{"embeddable":true,"href":"https:\/\/contraluzcucuta.co\/index.php?rest_route=\/wp\/v2\/users\/1"}],"replies":[{"embeddable":true,"href":"https:\/\/contraluzcucuta.co\/index.php?rest_route=%2Fwp%2Fv2%2Fcomments&post=38113"}],"version-history":[{"count":1,"href":"https:\/\/contraluzcucuta.co\/index.php?rest_route=\/wp\/v2\/posts\/38113\/revisions"}],"predecessor-version":[{"id":38116,"href":"https:\/\/contraluzcucuta.co\/index.php?rest_route=\/wp\/v2\/posts\/38113\/revisions\/38116"}],"wp:featuredmedia":[{"embeddable":true,"href":"https:\/\/contraluzcucuta.co\/index.php?rest_route=\/wp\/v2\/media\/38114"}],"wp:attachment":[{"href":"https:\/\/contraluzcucuta.co\/index.php?rest_route=%2Fwp%2Fv2%2Fmedia&parent=38113"}],"wp:term":[{"taxonomy":"category","embeddable":true,"href":"https:\/\/contraluzcucuta.co\/index.php?rest_route=%2Fwp%2Fv2%2Fcategories&post=38113"},{"taxonomy":"post_tag","embeddable":true,"href":"https:\/\/contraluzcucuta.co\/index.php?rest_route=%2Fwp%2Fv2%2Ftags&post=38113"}],"curies":[{"name":"wp","href":"https:\/\/api.w.org\/{rel}","templated":true}]}}