{"id":38107,"date":"2022-08-29T16:11:34","date_gmt":"2022-08-29T21:11:34","guid":{"rendered":"http:\/\/contraluzcucuta.co\/?p=38107"},"modified":"2022-08-29T19:36:59","modified_gmt":"2022-08-30T00:36:59","slug":"politica-cucutena-contralor-pide-suspension-del-alcalde-yanez-se-defiende","status":"publish","type":"post","link":"https:\/\/contraluzcucuta.co\/?p=38107","title":{"rendered":"POL\u00cdTICA CUCUTE\u00d1A. Contralor pide suspensi\u00f3n del Alcalde. Y\u00e1\u00f1ez se defiende"},"content":{"rendered":"<p style=\"padding-left: 40px; text-align: right;\"><strong><span style=\"color: #ff9900;\">C\u00daCUTA.- El alcalde Jairo Y\u00e1\u00f1ez cuestion\u00f3 la solicitud de la Contralor\u00eda Municipal al gobernador Silvano Serrano de suspenderlo de manera inmediata. Consider\u00f3 que este es \u201cun nuevo ataque contra la democracia de la ciudad, la cual ha sido ratificada en incontables ocasiones\u201d.<\/span><\/strong><\/p>\n<p>El contralor Oscar Sandoval hizo la petici\u00f3n, este lunes, mediante la Resoluci\u00f3n 088. En los considerandos justifica la acci\u00f3n amparado en la Constituci\u00f3n Pol\u00edtica y las funciones que se le otorgan al Contralor General de la Rep\u00fablica, atribuibles a los contralores municipales.<\/p>\n<p>Y\u00e1\u00f1ez estim\u00f3 que la decisi\u00f3n de Sandoval Blanco es resultado de la llegada, en d\u00edas pasados, de Ramiro Su\u00e1rez a la ciudad. Califica como \u2018ramirista\u2019 al Contralor Municipal y se\u00f1al\u00f3 que la decisi\u00f3n tomada es \u201cun ataque frontal contra la democracia y con la intenci\u00f3n de apoderarse de los recursos p\u00fablicos para enriquecerse y financiar sus campa\u00f1as\u201d.<\/p>\n<p>En la declaraci\u00f3n, conocida horas despu\u00e9s de divulgada la Resoluci\u00f3n 088, el alcalde asegur\u00f3 que la entidad de control local es utilizada por los aliados del ex alcalde Ramiro Su\u00e1rez \u201cpara recuperar el poder\u201d. En la anterior vigencia estuvo al frente de la Contralor\u00eda Martha Mar\u00eda Reyes, ex funcionaria de la administraci\u00f3n municipal encabezada por C\u00e9sar Rojas. Sandoval Blanco estuvo al frente del Departamento Administrativo de Bienestar Social en el gobierno anterior.<\/p>\n<p>El alcalde Jairo Y\u00e1\u00f1ez consider\u00f3 que la solicitud de suspensi\u00f3n es un ataque sistem\u00e1tico contra la ciudad y contra la lucha anticorrupci\u00f3n que ha liderado. Confi\u00f3 en que la medida no va prosperar\u00e1, porque ha \u201cobrado con transparencia al servicio de la ciudadan\u00eda\u201d.<\/p>\n<p>En meses anteriores fracas\u00f3 la revocatoria del mandato de Y\u00e1\u00f1ez, por cuanto los cucute\u00f1os no acudieron a las urnas. \u201cAqu\u00ed no se ha perdido ni un peso. A m\u00ed me pueden acusar de errores administrativos, pero jam\u00e1s de corrupto\u201d.<\/p>\n<p>V\u00eddeo: <a href=\"https:\/\/wetransfer.com\/downloads\/ac9f3df9441dcfa4af369a415992404620220829161820\/6be55f\">https:\/\/wetransfer.com\/downloads\/ac9f3df9441dcfa4af369a415992404620220829161820\/6be55f<\/a><\/p>\n<p style=\"padding-left: 40px; text-align: right;\"><span style=\"color: #ff9900;\"><b>\u00a0<\/b><\/span><\/p>\n<p>&nbsp;<\/p>\n","protected":false},"excerpt":{"rendered":"<p>C\u00daCUTA.- El alcalde Jairo Y\u00e1\u00f1ez cuestion\u00f3 la solicitud de la Contralor\u00eda Municipal al gobernador Silvano Serrano de suspenderlo de manera inmediata. Consider\u00f3 que este es \u201cun nuevo ataque contra la democracia de la ciudad, la cual ha sido ratificada en incontables ocasiones\u201d. El contralor Oscar Sandoval hizo la petici\u00f3n, este lunes, mediante la Resoluci\u00f3n 088. &hellip;<\/p>\n","protected":false},"author":1,"featured_media":38108,"comment_status":"open","ping_status":"open","sticky":false,"template":"","format":"standard","meta":{"footnotes":""},"categories":[2625,4],"tags":[4776,226,2718],"class_list":["post-38107","post","type-post","status-publish","format-standard","has-post-thumbnail","hentry","category-alcaldia-de-cucuta","category-barra","tag-alcalde-jairo-yanez","tag-alcaldia-de-cucuta","tag-contraloria-municipal"],"_links":{"self":[{"href":"https:\/\/contraluzcucuta.co\/index.php?rest_route=\/wp\/v2\/posts\/38107","targetHints":{"allow":["GET"]}}],"collection":[{"href":"https:\/\/contraluzcucuta.co\/index.php?rest_route=\/wp\/v2\/posts"}],"about":[{"href":"https:\/\/contraluzcucuta.co\/index.php?rest_route=\/wp\/v2\/types\/post"}],"author":[{"embeddable":true,"href":"https:\/\/contraluzcucuta.co\/index.php?rest_route=\/wp\/v2\/users\/1"}],"replies":[{"embeddable":true,"href":"https:\/\/contraluzcucuta.co\/index.php?rest_route=%2Fwp%2Fv2%2Fcomments&post=38107"}],"version-history":[{"count":4,"href":"https:\/\/contraluzcucuta.co\/index.php?rest_route=\/wp\/v2\/posts\/38107\/revisions"}],"predecessor-version":[{"id":38112,"href":"https:\/\/contraluzcucuta.co\/index.php?rest_route=\/wp\/v2\/posts\/38107\/revisions\/38112"}],"wp:featuredmedia":[{"embeddable":true,"href":"https:\/\/contraluzcucuta.co\/index.php?rest_route=\/wp\/v2\/media\/38108"}],"wp:attachment":[{"href":"https:\/\/contraluzcucuta.co\/index.php?rest_route=%2Fwp%2Fv2%2Fmedia&parent=38107"}],"wp:term":[{"taxonomy":"category","embeddable":true,"href":"https:\/\/contraluzcucuta.co\/index.php?rest_route=%2Fwp%2Fv2%2Fcategories&post=38107"},{"taxonomy":"post_tag","embeddable":true,"href":"https:\/\/contraluzcucuta.co\/index.php?rest_route=%2Fwp%2Fv2%2Ftags&post=38107"}],"curies":[{"name":"wp","href":"https:\/\/api.w.org\/{rel}","templated":true}]}}