{"id":38100,"date":"2022-08-21T19:46:49","date_gmt":"2022-08-22T00:46:49","guid":{"rendered":"http:\/\/contraluzcucuta.co\/?p=38100"},"modified":"2022-09-18T19:37:41","modified_gmt":"2022-09-19T00:37:41","slug":"futbol-de-segunda-al-cucuta-deportivo-se-le-vino-la-noche","status":"publish","type":"post","link":"https:\/\/contraluzcucuta.co\/?p=38100","title":{"rendered":"F\u00daTBOL DE SEGUNDA. Al C\u00facuta Deportivo se le vino la noche"},"content":{"rendered":"<p style=\"padding-left: 40px; text-align: right;\"><span style=\"color: #ff9900;\"><strong>C\u00daCUTA.- Ayer, alcanz\u00f3 el tercer empate de la temporada y con el punto ganado se ubica en la casilla 13 (6), a 10 puntos del l\u00edder Quind\u00edo (16). Los n\u00fameros no favorecen al once rojinegro, que ha ganado solo un encuentro y ha perdido cuatro. Ha marcado 8 goles y ha recibido 11.<\/strong><\/span><\/p>\n<p>Estas cifras, quiz\u00e1s, son las que desesperaron a los aficionados, que protagonizaron escenas escandalosas, dignas de olvidar. Por lo vivido en el General Santander, en disputa de la fecha 8 del Torneo de Segunda Divisi\u00f3n, surgen innumerables preguntas que, seguro, quedar\u00e1n sin respuesta.<\/p>\n<ul>\n<li>\u00bfPara eso quer\u00edan los hinchas que retornara el f\u00fatbol a la ciudad?<\/li>\n<li>\u00bfEs necesario que uno de los habitantes naturales de Sur se l\u00ede a pu\u00f1os y patadas con un futuro agente de la Polic\u00eda?<\/li>\n<li>\u00bfEs indispensable que desde Sur salten a la cancha para corretear sin destino, solo para enfurecer a la fuerza p\u00fablica?<\/li>\n<\/ul>\n<p><a href=\"https:\/\/contraluzcucuta.co\/wp-content\/uploads\/2022\/08\/CUCUTA-LLANEROS-2.jpg\"><img loading=\"lazy\" decoding=\"async\" class=\"alignnone size-medium wp-image-38102 alignleft\" src=\"https:\/\/contraluzcucuta.co\/wp-content\/uploads\/2022\/08\/CUCUTA-LLANEROS-2-300x135.jpg\" alt=\"\" width=\"300\" height=\"135\" srcset=\"https:\/\/contraluzcucuta.co\/wp-content\/uploads\/2022\/08\/CUCUTA-LLANEROS-2-300x135.jpg 300w, https:\/\/contraluzcucuta.co\/wp-content\/uploads\/2022\/08\/CUCUTA-LLANEROS-2-600x270.jpg 600w, https:\/\/contraluzcucuta.co\/wp-content\/uploads\/2022\/08\/CUCUTA-LLANEROS-2-1024x461.jpg 1024w, https:\/\/contraluzcucuta.co\/wp-content\/uploads\/2022\/08\/CUCUTA-LLANEROS-2-768x346.jpg 768w, https:\/\/contraluzcucuta.co\/wp-content\/uploads\/2022\/08\/CUCUTA-LLANEROS-2-1536x691.jpg 1536w, https:\/\/contraluzcucuta.co\/wp-content\/uploads\/2022\/08\/CUCUTA-LLANEROS-2.jpg 1600w\" sizes=\"auto, (max-width: 300px) 100vw, 300px\" \/><\/a><\/p>\n<p>En las dos \u00faltimas fechas los grader\u00edos de Norte estuvieron desocupados en aplicaci\u00f3n de la norma cuando hay actos de indisciplina que afecten el espect\u00e1culo. Este domingo, los acostumbrados inquilinos de Oriental buscaron refugio en Occidental, porque no los dejaron entrar a sus predios.<\/p>\n<ul>\n<li>\u00bfEs justo que el estadio se vea medio desocupado, porque los desadaptados que se ponen una camiseta rojinegra no saben comportarse?<\/li>\n<li>\u00bfEs de buena presentaci\u00f3n escuchar en noticieros y programas deportivos, locales y nacionales, que de ser la mejor afici\u00f3n se ha pasado a la peor del pa\u00eds?<\/li>\n<li>\u00bfEs aceptable que los padres de familia no lleven a los ni\u00f1os a ver al C\u00facuta, porque en las tribunas no se vive un buen ejemplo de convivencia?<\/li>\n<\/ul>\n<p>Al cuadro motil\u00f3n le quedan cuatro partidos en condici\u00f3n de local y ser\u00e1n contra Orsomarso, Valledupar, Real Santander y Tigres. En la \u00faltima jornada empat\u00f3 (0-0) con Llaneros.<\/p>\n<ul>\n<li>\u00bfLos 12 puntos en casa le bastar\u00e1n al elenco fronterizo para, por lo menos, meterse entre los ocho mejores?<\/li>\n<li>\u00bfLos casi 20.000 abonados volver\u00e1n al General Santander luego de la tarde bochornosa de este 21 de agosto?<\/li>\n<li>\u00bfSi por unos guijarros lanzados a los jueces de l\u00ednea en los encuentros anteriores suspendieron dos tribunas, por la ocupaci\u00f3n del terreno de juego de los Sure\u00f1os cerrar\u00e1n la plaza?<\/li>\n<\/ul>\n<p><a href=\"https:\/\/contraluzcucuta.co\/wp-content\/uploads\/2022\/08\/CUCUTA-LLANEROS-6.jpg\"><img loading=\"lazy\" decoding=\"async\" class=\"alignnone size-medium wp-image-38105 alignleft\" src=\"https:\/\/contraluzcucuta.co\/wp-content\/uploads\/2022\/08\/CUCUTA-LLANEROS-6-300x200.jpg\" alt=\"\" width=\"300\" height=\"200\" srcset=\"https:\/\/contraluzcucuta.co\/wp-content\/uploads\/2022\/08\/CUCUTA-LLANEROS-6-300x200.jpg 300w, https:\/\/contraluzcucuta.co\/wp-content\/uploads\/2022\/08\/CUCUTA-LLANEROS-6-600x400.jpg 600w, https:\/\/contraluzcucuta.co\/wp-content\/uploads\/2022\/08\/CUCUTA-LLANEROS-6-1024x683.jpg 1024w, https:\/\/contraluzcucuta.co\/wp-content\/uploads\/2022\/08\/CUCUTA-LLANEROS-6-768x512.jpg 768w, https:\/\/contraluzcucuta.co\/wp-content\/uploads\/2022\/08\/CUCUTA-LLANEROS-6.jpg 1296w\" sizes=\"auto, (max-width: 300px) 100vw, 300px\" \/><\/a><\/p>\n<p>Gerson Gonz\u00e1lez, t\u00e9cnico de Llaneros, al final del partido entendi\u00f3 la importancia que tiene el acompa\u00f1amiento del p\u00fablico al C\u00facuta Deportivo. Mientras caminaba al camerino, mir\u00f3 a los aficionados y se toc\u00f3 la cabeza queriendo decir que se quita el sombrero ante tanta fidelidad de los hombres y mujeres que siguen al once local.<\/p>\n<ul>\n<li>\u00bfSer\u00e1 que los accionistas y directivos tambi\u00e9n sienten ese respeto por los hinchas?<\/li>\n<li>\u00bfSer\u00e1 que el cuerpo t\u00e9cnico es consciente de lo que significan el rojo y el negro en la camiseta cucute\u00f1a?<\/li>\n<li>\u00bfSer\u00e1 que se tomar\u00e1n correctivos para enderezar el rumbo de esta nave que se hunde?<\/li>\n<\/ul>\n<p>En Occidental, bien acompa\u00f1ado, Lucas R\u00edos vivi\u00f3 el partido y sigui\u00f3 los pormenores del encuentro, los movimientos de sus colegas, los afanes de los asistentes y las preocupaciones de quienes pagan la boleta para ver a este equipo que naufraga.<\/p>\n<ul>\n<li>\u00bfEs consciente Lucas del da\u00f1o que le hizo al club al hacerse expulsar en el pen\u00faltimo partido en casa?<\/li>\n<li>\u00bfLes doler\u00e1 a los jugadores que desde las tribunas les recuerden a la progenitora para alentarlos a darlo todo por la camiseta?<\/li>\n<li>\u00bfEn el campo de juego les importar\u00e1 poco a los futbolistas lo que sale de la garganta iracunda de los hinchas?<\/li>\n<\/ul>\n<p>Mientras desde las tribunas se vociferan estribillos cargados de rabia, Ana Gabriel les dedica una canci\u00f3n que bien puede resumir el sentimiento motil\u00f3n: A pesar de todo\u2026<\/p>\n<ul>\n<li>\u00bfVolver\u00e1n los abonados al General?<\/li>\n<li>\u00bfSeguir\u00e1 Aquivaldo en la conducci\u00f3n del elenco rojinegro?<\/li>\n<li>\u00bfHabr\u00e1 m\u00e1s entusiasmo en las palabras y videos de Eduardo Silva Meluk?<\/li>\n<li>\u00bfCadena no soltar\u00e1 las riendas motilonas?<\/li>\n<\/ul>\n<div class=\"mceTemp\"><\/div>\n<p><a href=\"https:\/\/contraluzcucuta.co\/wp-content\/uploads\/2022\/08\/CUCUTA-LLANEROS-5.jpg\"><img loading=\"lazy\" decoding=\"async\" class=\"alignnone size-medium wp-image-38104 alignleft\" src=\"https:\/\/contraluzcucuta.co\/wp-content\/uploads\/2022\/08\/CUCUTA-LLANEROS-5-300x200.jpg\" alt=\"\" width=\"300\" height=\"200\" srcset=\"https:\/\/contraluzcucuta.co\/wp-content\/uploads\/2022\/08\/CUCUTA-LLANEROS-5-300x200.jpg 300w, https:\/\/contraluzcucuta.co\/wp-content\/uploads\/2022\/08\/CUCUTA-LLANEROS-5-600x400.jpg 600w, https:\/\/contraluzcucuta.co\/wp-content\/uploads\/2022\/08\/CUCUTA-LLANEROS-5-1024x683.jpg 1024w, https:\/\/contraluzcucuta.co\/wp-content\/uploads\/2022\/08\/CUCUTA-LLANEROS-5-768x512.jpg 768w, https:\/\/contraluzcucuta.co\/wp-content\/uploads\/2022\/08\/CUCUTA-LLANEROS-5.jpg 1296w\" sizes=\"auto, (max-width: 300px) 100vw, 300px\" \/><\/a><\/p>\n<p>Conclusi\u00f3n. El informe del \u00e1rbitro Nolberto Ararat Mora servir\u00e1 para que en las instancias judiciales se dirima qu\u00e9 pasar\u00e1 con el General Santander. Ayer, no hubo dos tribunas habilitadas.<\/p>\n<ul>\n<li>\u00bfVendr\u00e1n sanciones m\u00e1s fuertes?<\/li>\n<li>\u00bfEl juez contar\u00e1 lo que vio mientras permaneci\u00f3 parado en la mitad de la cancha?<\/li>\n<li>\u00bfDir\u00e1 que no lo hachepetiaron y que por eso la plaza podr\u00e1 albergar a los aficionados en las cuatro jornadas que restan?<\/li>\n<\/ul>\n<p>Las respuestas a cada pregunta son voluntarias. V\u00e1lidas solo para hinchas rojinegros.<\/p>\n<p><strong>RAFAEL ANTONIO PAB\u00d3N <\/strong><\/p>\n<p><a href=\"mailto:rafaelpabon58@hotmail.com\">rafaelpabon58@hotmail.com<\/a><\/p>\n","protected":false},"excerpt":{"rendered":"<p>C\u00daCUTA.- Ayer, alcanz\u00f3 el tercer empate de la temporada y con el punto ganado se ubica en la casilla 13 (6), a 10 puntos del l\u00edder Quind\u00edo (16). Los n\u00fameros no favorecen al once rojinegro, que ha ganado solo un encuentro y ha perdido cuatro. Ha marcado 8 goles y ha recibido 11. Estas cifras, &hellip;<\/p>\n","protected":false},"author":1,"featured_media":38103,"comment_status":"open","ping_status":"open","sticky":false,"template":"","format":"standard","meta":{"footnotes":""},"categories":[28],"tags":[5469,5444],"class_list":["post-38100","post","type-post","status-publish","format-standard","has-post-thumbnail","hentry","category-vistazo-deportivo","tag-aquivaldo-mosquera","tag-cucuta-deportivo-2022"],"_links":{"self":[{"href":"https:\/\/contraluzcucuta.co\/index.php?rest_route=\/wp\/v2\/posts\/38100","targetHints":{"allow":["GET"]}}],"collection":[{"href":"https:\/\/contraluzcucuta.co\/index.php?rest_route=\/wp\/v2\/posts"}],"about":[{"href":"https:\/\/contraluzcucuta.co\/index.php?rest_route=\/wp\/v2\/types\/post"}],"author":[{"embeddable":true,"href":"https:\/\/contraluzcucuta.co\/index.php?rest_route=\/wp\/v2\/users\/1"}],"replies":[{"embeddable":true,"href":"https:\/\/contraluzcucuta.co\/index.php?rest_route=%2Fwp%2Fv2%2Fcomments&post=38100"}],"version-history":[{"count":1,"href":"https:\/\/contraluzcucuta.co\/index.php?rest_route=\/wp\/v2\/posts\/38100\/revisions"}],"predecessor-version":[{"id":38106,"href":"https:\/\/contraluzcucuta.co\/index.php?rest_route=\/wp\/v2\/posts\/38100\/revisions\/38106"}],"wp:featuredmedia":[{"embeddable":true,"href":"https:\/\/contraluzcucuta.co\/index.php?rest_route=\/wp\/v2\/media\/38103"}],"wp:attachment":[{"href":"https:\/\/contraluzcucuta.co\/index.php?rest_route=%2Fwp%2Fv2%2Fmedia&parent=38100"}],"wp:term":[{"taxonomy":"category","embeddable":true,"href":"https:\/\/contraluzcucuta.co\/index.php?rest_route=%2Fwp%2Fv2%2Fcategories&post=38100"},{"taxonomy":"post_tag","embeddable":true,"href":"https:\/\/contraluzcucuta.co\/index.php?rest_route=%2Fwp%2Fv2%2Ftags&post=38100"}],"curies":[{"name":"wp","href":"https:\/\/api.w.org\/{rel}","templated":true}]}}