{"id":38085,"date":"2022-08-15T11:51:29","date_gmt":"2022-08-15T16:51:29","guid":{"rendered":"http:\/\/contraluzcucuta.co\/?p=38085"},"modified":"2022-08-15T11:51:29","modified_gmt":"2022-08-15T16:51:29","slug":"relaciones-binacionales-armando-benedetti-embajador-de-colombia-en-venezuela","status":"publish","type":"post","link":"https:\/\/contraluzcucuta.co\/?p=38085","title":{"rendered":"RELACIONES BINACIONALES. Armando Benedetti, Embajador de Colombia en Venezuela"},"content":{"rendered":"<p style=\"padding-left: 40px; text-align: right;\"><strong><span style=\"color: #ff9900;\">BOGOT\u00c1.- El presidente Gustavo Petro design\u00f3 a Armando Benedetti Villaneda como Embajador de Colombia en la Rep\u00fablica Bolivariana de Venezuela.<\/span><\/strong><\/p>\n<p>\u201cHe decidido, en respuesta al gobierno venezolano -que ha designado Embajador, que tendr\u00e1 como la responsabilidad de normalizar las relaciones diplom\u00e1ticas entre los dos pa\u00edses- designar a Armando Benedetti como Embajador de Colombia ante Venezuela, esperando el benepl\u00e1cito de ese gobierno\u201d, expres\u00f3 el mandatario.<\/p>\n<p>El Embajador tendr\u00e1 las siguientes tareas:<\/p>\n<ul>\n<li>Normalizar las relaciones entre los dos pa\u00edses<\/li>\n<li>Restablecer la institucionalidad que exist\u00eda d\u00e9cadas antes<\/li>\n<li>Garantizar las libertades<\/li>\n<li>Lograr que entre Colombia y Venezuela se pueda construir riqueza para ambos pueblos.<\/li>\n<\/ul>\n<p>Benedetti, nacido en Barranquilla en 1967, ha sido concejal de Bogot\u00e1, representante a la C\u00e1mara y Senador de la Rep\u00fablica. El 20 de julio de 2010, fue elegido presidente del Congreso.<\/p>\n","protected":false},"excerpt":{"rendered":"<p>BOGOT\u00c1.- El presidente Gustavo Petro design\u00f3 a Armando Benedetti Villaneda como Embajador de Colombia en la Rep\u00fablica Bolivariana de Venezuela. \u201cHe decidido, en respuesta al gobierno venezolano -que ha designado Embajador, que tendr\u00e1 como la responsabilidad de normalizar las relaciones diplom\u00e1ticas entre los dos pa\u00edses- designar a Armando Benedetti como Embajador de Colombia ante Venezuela, &hellip;<\/p>\n","protected":false},"author":1,"featured_media":38086,"comment_status":"open","ping_status":"open","sticky":false,"template":"","format":"standard","meta":{"footnotes":""},"categories":[1326,45,4],"tags":[5470,1965,5471],"class_list":["post-38085","post","type-post","status-publish","format-standard","has-post-thumbnail","hentry","category-crisis-en-venezuela-2","category-destacado","category-barra","tag-armando-benedetti","tag-embajador-de-colombia-en-venezuela","tag-gustado-petro"],"_links":{"self":[{"href":"https:\/\/contraluzcucuta.co\/index.php?rest_route=\/wp\/v2\/posts\/38085","targetHints":{"allow":["GET"]}}],"collection":[{"href":"https:\/\/contraluzcucuta.co\/index.php?rest_route=\/wp\/v2\/posts"}],"about":[{"href":"https:\/\/contraluzcucuta.co\/index.php?rest_route=\/wp\/v2\/types\/post"}],"author":[{"embeddable":true,"href":"https:\/\/contraluzcucuta.co\/index.php?rest_route=\/wp\/v2\/users\/1"}],"replies":[{"embeddable":true,"href":"https:\/\/contraluzcucuta.co\/index.php?rest_route=%2Fwp%2Fv2%2Fcomments&post=38085"}],"version-history":[{"count":1,"href":"https:\/\/contraluzcucuta.co\/index.php?rest_route=\/wp\/v2\/posts\/38085\/revisions"}],"predecessor-version":[{"id":38087,"href":"https:\/\/contraluzcucuta.co\/index.php?rest_route=\/wp\/v2\/posts\/38085\/revisions\/38087"}],"wp:featuredmedia":[{"embeddable":true,"href":"https:\/\/contraluzcucuta.co\/index.php?rest_route=\/wp\/v2\/media\/38086"}],"wp:attachment":[{"href":"https:\/\/contraluzcucuta.co\/index.php?rest_route=%2Fwp%2Fv2%2Fmedia&parent=38085"}],"wp:term":[{"taxonomy":"category","embeddable":true,"href":"https:\/\/contraluzcucuta.co\/index.php?rest_route=%2Fwp%2Fv2%2Fcategories&post=38085"},{"taxonomy":"post_tag","embeddable":true,"href":"https:\/\/contraluzcucuta.co\/index.php?rest_route=%2Fwp%2Fv2%2Ftags&post=38085"}],"curies":[{"name":"wp","href":"https:\/\/api.w.org\/{rel}","templated":true}]}}