{"id":38077,"date":"2022-08-05T06:30:03","date_gmt":"2022-08-05T11:30:03","guid":{"rendered":"http:\/\/contraluzcucuta.co\/?p=38077"},"modified":"2022-08-05T06:30:03","modified_gmt":"2022-08-05T11:30:03","slug":"fondo-adaptacion-entregada-dotacion-de-la-casa-de-la-cultura-de-gramalote","status":"publish","type":"post","link":"https:\/\/contraluzcucuta.co\/?p=38077","title":{"rendered":"FONDO ADAPTACI\u00d3N. Entregada dotaci\u00f3n de la Casa de la Cultura de Gramalote"},"content":{"rendered":"<p style=\"padding-left: 40px; text-align: right;\"><strong><span style=\"color: #ff9900;\">GRAMALOTE &#8211; Norte de Santander.- El Fondo Adaptaci\u00f3n entreg\u00f3 la dotaci\u00f3n para el funcionamiento de la Casa de la Cultura, en Gramalote. La inversi\u00f3n ascendi\u00f3 a $ 272,3 millones, representada en el mobiliario de la biblioteca y oficinas, y equipos.<\/span><\/strong><\/p>\n<p>La Casa de la Cultura tiene un \u00e1rea construida de 2040 metros cuadrados, distribuidos en: auditorio, biblioteca, museo y espacio Sac\u00fadete, que comprende las salas de m\u00fasica, danza y bellas artes.<\/p>\n<p>\u201cLa dotaci\u00f3n de este importante espacio para la comunidad gramalotera hace parte de los acuerdos con los que el Fondo Adaptaci\u00f3n le sigue cumpliendo al municipio\u201d, dijo la gerente del Fondo, Raquel Garavito Chapaval. Agreg\u00f3 que es el resultado de la gesti\u00f3n en el \u00faltimo a\u00f1o, cuando se aunaron esfuerzos con las autoridades locales y otros aliados en el macroproyecto, comprometidos con la ejecuci\u00f3n de la fase final del reasentamiento de Gramalote\u201d.<\/p>\n<p><a href=\"https:\/\/contraluzcucuta.co\/wp-content\/uploads\/2022\/08\/GRAMALOTE-CASA-DE-LA-CULTURA-AUDITORIO.jpeg\"><img loading=\"lazy\" decoding=\"async\" class=\"alignnone size-medium wp-image-38079 alignleft\" src=\"https:\/\/contraluzcucuta.co\/wp-content\/uploads\/2022\/08\/GRAMALOTE-CASA-DE-LA-CULTURA-AUDITORIO-300x200.jpeg\" alt=\"\" width=\"300\" height=\"200\" srcset=\"https:\/\/contraluzcucuta.co\/wp-content\/uploads\/2022\/08\/GRAMALOTE-CASA-DE-LA-CULTURA-AUDITORIO-300x200.jpeg 300w, https:\/\/contraluzcucuta.co\/wp-content\/uploads\/2022\/08\/GRAMALOTE-CASA-DE-LA-CULTURA-AUDITORIO-600x400.jpeg 600w, https:\/\/contraluzcucuta.co\/wp-content\/uploads\/2022\/08\/GRAMALOTE-CASA-DE-LA-CULTURA-AUDITORIO-768x512.jpeg 768w, https:\/\/contraluzcucuta.co\/wp-content\/uploads\/2022\/08\/GRAMALOTE-CASA-DE-LA-CULTURA-AUDITORIO.jpeg 1024w\" sizes=\"auto, (max-width: 300px) 100vw, 300px\" \/><\/a><\/p>\n<p>El Gobierno del presidente Iv\u00e1n Duque entreg\u00f3, por intermedio del Fondo Adaptaci\u00f3n:<\/p>\n<p>&#8211; 328 soluciones de vivienda<\/p>\n<p>&#8211; La Casa de la Cultura<\/p>\n<p>&#8211; La Casa del Adulto Mayor<\/p>\n<p>&#8211; La Casa del Campesino<\/p>\n<p>&#8211; El escenario deportivo<\/p>\n<p>&#8211; La plaza de mercado<\/p>\n<p>&#8211; La estaci\u00f3n de Polic\u00eda<\/p>\n<p>&#8211; El Colegio Sagrado Coraz\u00f3n de Jes\u00fas<\/p>\n<p>&#8211; El Hospital San Vicente de Pa\u00fal dotado<\/p>\n<p>&#8211; La contrataci\u00f3n del proyecto de reactivaci\u00f3n econ\u00f3mica \u201cEmprendimos\u201d.<\/p>\n<p>La inversi\u00f3n en estas entregas fue de $ 377.208 millones, que beneficiaron a 75.168 personas del municipio. Adem\u00e1s, est\u00e1 en marcha la licitaci\u00f3n para la construcci\u00f3n de las \u00faltimas 128 viviendas.<\/p>\n<p>El macroproyecto contempla medidas para la reactivaci\u00f3n econ\u00f3mica, el restablecimiento de las relaciones comunitarias y el fortalecimiento institucional del municipio.<\/p>\n","protected":false},"excerpt":{"rendered":"<p>GRAMALOTE &#8211; Norte de Santander.- El Fondo Adaptaci\u00f3n entreg\u00f3 la dotaci\u00f3n para el funcionamiento de la Casa de la Cultura, en Gramalote. La inversi\u00f3n ascendi\u00f3 a $ 272,3 millones, representada en el mobiliario de la biblioteca y oficinas, y equipos. La Casa de la Cultura tiene un \u00e1rea construida de 2040 metros cuadrados, distribuidos en: &hellip;<\/p>\n","protected":false},"author":1,"featured_media":38078,"comment_status":"open","ping_status":"open","sticky":false,"template":"","format":"standard","meta":{"footnotes":""},"categories":[4,36],"tags":[1248,153],"class_list":["post-38077","post","type-post","status-publish","format-standard","has-post-thumbnail","hentry","category-barra","category-la-voz-del-pueblo","tag-fondo-adaptacion","tag-nuevo-gramalote"],"_links":{"self":[{"href":"https:\/\/contraluzcucuta.co\/index.php?rest_route=\/wp\/v2\/posts\/38077","targetHints":{"allow":["GET"]}}],"collection":[{"href":"https:\/\/contraluzcucuta.co\/index.php?rest_route=\/wp\/v2\/posts"}],"about":[{"href":"https:\/\/contraluzcucuta.co\/index.php?rest_route=\/wp\/v2\/types\/post"}],"author":[{"embeddable":true,"href":"https:\/\/contraluzcucuta.co\/index.php?rest_route=\/wp\/v2\/users\/1"}],"replies":[{"embeddable":true,"href":"https:\/\/contraluzcucuta.co\/index.php?rest_route=%2Fwp%2Fv2%2Fcomments&post=38077"}],"version-history":[{"count":1,"href":"https:\/\/contraluzcucuta.co\/index.php?rest_route=\/wp\/v2\/posts\/38077\/revisions"}],"predecessor-version":[{"id":38080,"href":"https:\/\/contraluzcucuta.co\/index.php?rest_route=\/wp\/v2\/posts\/38077\/revisions\/38080"}],"wp:featuredmedia":[{"embeddable":true,"href":"https:\/\/contraluzcucuta.co\/index.php?rest_route=\/wp\/v2\/media\/38078"}],"wp:attachment":[{"href":"https:\/\/contraluzcucuta.co\/index.php?rest_route=%2Fwp%2Fv2%2Fmedia&parent=38077"}],"wp:term":[{"taxonomy":"category","embeddable":true,"href":"https:\/\/contraluzcucuta.co\/index.php?rest_route=%2Fwp%2Fv2%2Fcategories&post=38077"},{"taxonomy":"post_tag","embeddable":true,"href":"https:\/\/contraluzcucuta.co\/index.php?rest_route=%2Fwp%2Fv2%2Ftags&post=38077"}],"curies":[{"name":"wp","href":"https:\/\/api.w.org\/{rel}","templated":true}]}}