{"id":38053,"date":"2022-08-02T13:48:29","date_gmt":"2022-08-02T18:48:29","guid":{"rendered":"http:\/\/contraluzcucuta.co\/?p=38053"},"modified":"2022-08-02T13:48:29","modified_gmt":"2022-08-02T18:48:29","slug":"premios-la-bagatela-aplazada-ceremonia-de-reconocimiento-al-trabajo-periodistico","status":"publish","type":"post","link":"https:\/\/contraluzcucuta.co\/?p=38053","title":{"rendered":"PREMIOS LA BAGATELA. \u00a0Aplazada ceremonia de reconocimiento al trabajo period\u00edstico"},"content":{"rendered":"<p style=\"padding-left: 40px; text-align: right;\"><strong><span style=\"color: #ff9900;\">C\u00daCUTA.- La ceremonia de reconocimiento a los mejores trabajos period\u00edsticos postulados para el Premio Nacional de Periodismo La Bagatela se traslad\u00f3 al 23 de septiembre. E acto se cumplir\u00e1 en la biblioteca p\u00fablica Julio P\u00e9rez Ferrero, a partir de las 4:00 de la tarde.<\/span><\/strong><\/p>\n<p>Los galardones, creados por el C\u00edrculo de Periodistas y Comunicadores de Norte de Santander (CPC), tienen como fecha de entrega el 4 de agosto, D\u00eda Nacional del Periodista. En esa fecha se rinde homenaje a la memoria del pr\u00f3cer Antonio Nari\u00f1o, considerado padre de la libertad de prensa y de opini\u00f3n en Colombia.<\/p>\n<p>Este a\u00f1o, la junta directiva de la Fundaci\u00f3n La Bagatela, tom\u00f3 en cuenta la solicitud de algunos jurados y decidi\u00f3 postergar la ceremonia. Los encargados de escoger los trabajos ganadores alegaron el cruce del d\u00eda con las agendas de trabajo.<\/p>\n<p>El 23 de septiembre se premiar\u00e1n las categor\u00edas Prensa, Radio, Televisi\u00f3n, Medios Digitales, Caricatura, Cine Documental y Tesis Universitaria. En esta ocasi\u00f3n qued\u00f3 desierta la Fotograf\u00eda.<\/p>\n<p>Junto a la sexta versi\u00f3n de los Premios se entregar\u00e1 el s\u00e9ptimo Premio al M\u00e9rito Period\u00edstico \u2018Eustorgio Colmenares Baptista\u2019, que reconoce a periodistas que hayan ejercido con idoneidad y entereza el oficio, dentro y fuera de Norte de Santander, durante varios lustros. El ganador se conocer\u00e1 ese d\u00eda.<\/p>\n","protected":false},"excerpt":{"rendered":"<p>C\u00daCUTA.- La ceremonia de reconocimiento a los mejores trabajos period\u00edsticos postulados para el Premio Nacional de Periodismo La Bagatela se traslad\u00f3 al 23 de septiembre. E acto se cumplir\u00e1 en la biblioteca p\u00fablica Julio P\u00e9rez Ferrero, a partir de las 4:00 de la tarde. Los galardones, creados por el C\u00edrculo de Periodistas y Comunicadores de &hellip;<\/p>\n","protected":false},"author":1,"featured_media":38054,"comment_status":"open","ping_status":"open","sticky":false,"template":"","format":"standard","meta":{"footnotes":""},"categories":[4,37],"tags":[1132,5460,5459],"class_list":["post-38053","post","type-post","status-publish","format-standard","has-post-thumbnail","hentry","category-barra","category-paseo-cultural","tag-circulo-de-periodistas-de-norte-de-santander","tag-periodismo-regional","tag-premios-la-bagatela"],"_links":{"self":[{"href":"https:\/\/contraluzcucuta.co\/index.php?rest_route=\/wp\/v2\/posts\/38053","targetHints":{"allow":["GET"]}}],"collection":[{"href":"https:\/\/contraluzcucuta.co\/index.php?rest_route=\/wp\/v2\/posts"}],"about":[{"href":"https:\/\/contraluzcucuta.co\/index.php?rest_route=\/wp\/v2\/types\/post"}],"author":[{"embeddable":true,"href":"https:\/\/contraluzcucuta.co\/index.php?rest_route=\/wp\/v2\/users\/1"}],"replies":[{"embeddable":true,"href":"https:\/\/contraluzcucuta.co\/index.php?rest_route=%2Fwp%2Fv2%2Fcomments&post=38053"}],"version-history":[{"count":1,"href":"https:\/\/contraluzcucuta.co\/index.php?rest_route=\/wp\/v2\/posts\/38053\/revisions"}],"predecessor-version":[{"id":38055,"href":"https:\/\/contraluzcucuta.co\/index.php?rest_route=\/wp\/v2\/posts\/38053\/revisions\/38055"}],"wp:featuredmedia":[{"embeddable":true,"href":"https:\/\/contraluzcucuta.co\/index.php?rest_route=\/wp\/v2\/media\/38054"}],"wp:attachment":[{"href":"https:\/\/contraluzcucuta.co\/index.php?rest_route=%2Fwp%2Fv2%2Fmedia&parent=38053"}],"wp:term":[{"taxonomy":"category","embeddable":true,"href":"https:\/\/contraluzcucuta.co\/index.php?rest_route=%2Fwp%2Fv2%2Fcategories&post=38053"},{"taxonomy":"post_tag","embeddable":true,"href":"https:\/\/contraluzcucuta.co\/index.php?rest_route=%2Fwp%2Fv2%2Ftags&post=38053"}],"curies":[{"name":"wp","href":"https:\/\/api.w.org\/{rel}","templated":true}]}}