{"id":38049,"date":"2022-07-31T18:07:44","date_gmt":"2022-07-31T23:07:44","guid":{"rendered":"http:\/\/contraluzcucuta.co\/?p=38049"},"modified":"2022-07-31T18:08:03","modified_gmt":"2022-07-31T23:08:03","slug":"mesa-tecnica-gremios-piden-revisar-problemas-que-aquejan-el-centro-de-la-ciudad","status":"publish","type":"post","link":"https:\/\/contraluzcucuta.co\/?p=38049","title":{"rendered":"MESA T\u00c9CNICA. Gremios piden revisar problemas que aquejan el centro de la ciudad"},"content":{"rendered":"<p style=\"padding-left: 40px; text-align: right;\"><strong><span style=\"color: #ff9900;\">C\u00daCUTA.- Fenalco, ANDI y Acopi solicitaron atenci\u00f3n inmediata a los que \u00a0consideran los principales problemas que aquejan a la zona c\u00e9ntrica de la ciudad y que requieren la intervenci\u00f3n de la Alcald\u00eda. Los gremios han participado en reuniones con funcionarios de la secretar\u00eda de Desarrollo, subdirecci\u00f3n de la Secretar\u00eda de Gobierno para asuntos de Convivencia y Espacios P\u00fablicos y secretar\u00eda de Bienestar Social en busca de entendimiento para buscar soluciones efectivas.<\/span><\/strong><\/p>\n<p>Entre los problemas identificados en la zona c\u00e9ntrica destacan:<\/p>\n<p>1.- Habitantes de calle.<\/p>\n<p>Se toman las puertas de los establecimientos de comercio, para dormir, hecho que es recurrente y que impide el normal desarrollo de la apertura de los negocios. A estas personas, por su condici\u00f3n, es dif\u00edcil retirarlas del sitio, ocasionan desgaste para el comerciante y preocupaci\u00f3n latiente de salvaguardarles la dignidad humana<\/p>\n<p>Sobre este particular se acord\u00f3, conjuntamente con los delegados de la administraci\u00f3n municipal, crear una estrategia de comunicaci\u00f3n que permita actualizar los casos y la atenci\u00f3n a los hechos d\u00eda a d\u00eda.<\/p>\n<p>2.- Basuras en el centro.<\/p>\n<p>El compromiso de la administraci\u00f3n municipal y de los gremios es socializar con las empresas los horarios de recolecci\u00f3n de desechos, para que no se expongan las basuras enlas v\u00edas y mitigar el riesgo de los que hacen recolecci\u00f3n de aprovechables.<\/p>\n<p>3.- Contaminaci\u00f3n auditiva.<\/p>\n<p>Desde mayo, Fenalco ha efectuado reuniones con los afiliados que tienen negocios en el centro de la ciudad y ha encontrado que la proliferaci\u00f3n de carretas con meg\u00e1fonos afecta la salud mental de la comunidad. Se le ha hecho acuerdo a la Polic\u00eda acerca del cumplimiento del Decreto 283 del 2021, en el que la Alcald\u00eda dicta el procedimiento para impedir la contaminaci\u00f3n auditiva. Adem\u00e1s, ha quedado claro en las reuniones que las carretas no son directamente del control de la Secretar\u00eda de Tr\u00e1nsito, porque no est\u00e1n reguladas por el C\u00f3digo de Tr\u00e1nsito. En su defecto, corresponde a la Secretar\u00eda de Gobierno.<\/p>\n<p>Fenalco ha solicitado a los propietarios de almacenes que hacen promociones y que sacan equipos de sonido no pasar los decibeles de ruido permitido.<\/p>\n<p>La Secretar\u00eda de Gobierno manifest\u00f3 que todas las semanas se cumplen actividades de control de esos elementos, pero se vuelve recurrente el incumplimiento por parte de los vendedores.<\/p>\n<p>4.- Falta de alumbrado p\u00fablico.<\/p>\n<p>Los gremios solicitaron informar al Concesionario de alumbrado p\u00fablico la recuperaci\u00f3n de luminarias que se han deteriorado para garantizar plenamente este servicio.<\/p>\n<p>5.- Seguridad Ciudadana.<\/p>\n<p>Como problema transversal, los gremios solicitaron reforzar la presencia de la Polic\u00eda para mitigar hechos delincuenciales.<\/p>\n<p>&nbsp;<\/p>\n","protected":false},"excerpt":{"rendered":"<p>C\u00daCUTA.- Fenalco, ANDI y Acopi solicitaron atenci\u00f3n inmediata a los que \u00a0consideran los principales problemas que aquejan a la zona c\u00e9ntrica de la ciudad y que requieren la intervenci\u00f3n de la Alcald\u00eda. Los gremios han participado en reuniones con funcionarios de la secretar\u00eda de Desarrollo, subdirecci\u00f3n de la Secretar\u00eda de Gobierno para asuntos de Convivencia &hellip;<\/p>\n","protected":false},"author":1,"featured_media":38050,"comment_status":"open","ping_status":"open","sticky":false,"template":"","format":"standard","meta":{"footnotes":""},"categories":[4,6],"tags":[5457,3145,5458,378,1850],"class_list":["post-38049","post","type-post","status-publish","format-standard","has-post-thumbnail","hentry","category-barra","category-ojo-avizor","tag-acopi","tag-andi","tag-comercio-informal","tag-fenalco","tag-ventas-ambulantes-en-cucuta"],"_links":{"self":[{"href":"https:\/\/contraluzcucuta.co\/index.php?rest_route=\/wp\/v2\/posts\/38049","targetHints":{"allow":["GET"]}}],"collection":[{"href":"https:\/\/contraluzcucuta.co\/index.php?rest_route=\/wp\/v2\/posts"}],"about":[{"href":"https:\/\/contraluzcucuta.co\/index.php?rest_route=\/wp\/v2\/types\/post"}],"author":[{"embeddable":true,"href":"https:\/\/contraluzcucuta.co\/index.php?rest_route=\/wp\/v2\/users\/1"}],"replies":[{"embeddable":true,"href":"https:\/\/contraluzcucuta.co\/index.php?rest_route=%2Fwp%2Fv2%2Fcomments&post=38049"}],"version-history":[{"count":2,"href":"https:\/\/contraluzcucuta.co\/index.php?rest_route=\/wp\/v2\/posts\/38049\/revisions"}],"predecessor-version":[{"id":38052,"href":"https:\/\/contraluzcucuta.co\/index.php?rest_route=\/wp\/v2\/posts\/38049\/revisions\/38052"}],"wp:featuredmedia":[{"embeddable":true,"href":"https:\/\/contraluzcucuta.co\/index.php?rest_route=\/wp\/v2\/media\/38050"}],"wp:attachment":[{"href":"https:\/\/contraluzcucuta.co\/index.php?rest_route=%2Fwp%2Fv2%2Fmedia&parent=38049"}],"wp:term":[{"taxonomy":"category","embeddable":true,"href":"https:\/\/contraluzcucuta.co\/index.php?rest_route=%2Fwp%2Fv2%2Fcategories&post=38049"},{"taxonomy":"post_tag","embeddable":true,"href":"https:\/\/contraluzcucuta.co\/index.php?rest_route=%2Fwp%2Fv2%2Ftags&post=38049"}],"curies":[{"name":"wp","href":"https:\/\/api.w.org\/{rel}","templated":true}]}}