{"id":38037,"date":"2022-07-28T19:55:44","date_gmt":"2022-07-29T00:55:44","guid":{"rendered":"http:\/\/contraluzcucuta.co\/?p=38037"},"modified":"2022-07-28T19:55:44","modified_gmt":"2022-07-29T00:55:44","slug":"declaracion-conjunta-esfuerzos-colombo-venezolanos-para-garantizar-la-seguridad-en-la-frontera","status":"publish","type":"post","link":"https:\/\/contraluzcucuta.co\/?p=38037","title":{"rendered":"DECLARACI\u00d3N CONJUNTA. Esfuerzos colombo-venezolanos para garantizar la seguridad en la frontera"},"content":{"rendered":"<p style=\"padding-left: 40px; text-align: right;\"><strong><span style=\"color: #ff9900;\">SAN CRIST\u00d3BAL \u2013 Venezuela.- El ministro del Poder Popular para las Relaciones Exteriores de la Rep\u00fablica Bolivariana de Venezuela, Carlos Far\u00eda Tortosa, y el ministro designado de Relaciones Exteriores y Paz de Colombia, \u00c1lvaro Leyva Dur\u00e1n, reafirman la voluntad de hacer esfuerzos conjuntos para garantizar la seguridad y la paz en la frontera colombo-venezolana.<\/span><\/strong><\/p>\n<p>Los altos funcionarios se reunieron en San Crist\u00f3bal (Estado T\u00e1chira) y firmaron una declaraci\u00f3n conjunta de cinco puntos \u201cinspirados en la gesta heroica del libertador Sim\u00f3n Bol\u00edvar\u201d. Las relaciones entre los dos pa\u00edses han permanecido distantes por consideraciones pol\u00edticas.<\/p>\n<p>Desde las presidencias de Hugo Ch\u00e1vez (Venezuela) y \u00c1lvaro Uribe (Colombia) no hay acercamientos binacionales. En el 2015, Nicol\u00e1s Maduro tom\u00f3 la determinaci\u00f3n de cerrar la frontera y no permitir el paso vehicular ni peatonal. Luego, por razones humanitarias, se ha dejado el tr\u00e1nsito libre para los ciudadanos.<\/p>\n<p>Los ministros Far\u00eda Tortosa y Leyva Dur\u00e1n \u201chan reafirmado los lazos hist\u00f3ricos de hermandad, complementariedad y cooperaci\u00f3n\u201d que unen a los dos pueblos.<\/p>\n<p><a href=\"https:\/\/contraluzcucuta.co\/wp-content\/uploads\/2022\/07\/DECLARACION-CONJUNTA-2.jpg\"><img loading=\"lazy\" decoding=\"async\" class=\"alignnone size-medium wp-image-38039 alignleft\" src=\"https:\/\/contraluzcucuta.co\/wp-content\/uploads\/2022\/07\/DECLARACION-CONJUNTA-2-300x179.jpg\" alt=\"\" width=\"300\" height=\"179\" srcset=\"https:\/\/contraluzcucuta.co\/wp-content\/uploads\/2022\/07\/DECLARACION-CONJUNTA-2-300x179.jpg 300w, https:\/\/contraluzcucuta.co\/wp-content\/uploads\/2022\/07\/DECLARACION-CONJUNTA-2-600x357.jpg 600w, https:\/\/contraluzcucuta.co\/wp-content\/uploads\/2022\/07\/DECLARACION-CONJUNTA-2-768x457.jpg 768w, https:\/\/contraluzcucuta.co\/wp-content\/uploads\/2022\/07\/DECLARACION-CONJUNTA-2.jpg 800w\" sizes=\"auto, (max-width: 300px) 100vw, 300px\" \/><\/a><\/p>\n<p>Los Cancilleres, seg\u00fan la declaraci\u00f3n conjunta:<\/p>\n<p>1.-\u00a0Expresaron la voluntad de avanzar en una agenda de trabajo para la normalizaci\u00f3n gradual de las relaciones binacionales, a partir del 7 de agosto, con el nombramiento de embajadores y funcionarios diplom\u00e1ticos y consulares.<\/p>\n<p>2.- Ratificaron la disposici\u00f3n para consolidar los lazos de amistad y cooperaci\u00f3n con la revisi\u00f3n de los asuntos de inter\u00e9s binacional en beneficio de los pueblos fronterizos.<\/p>\n<p>3.- Reafirmaron la voluntad de hacer esfuerzos conjuntos para garantizar la seguridad y la paz en la frontera.<\/p>\n<p>4.- Agradecieron la presencia del representante adjunto del Secretario General de la misi\u00f3n de verificaci\u00f3n de Naciones Unidas en Colombia, Ra\u00fal Rosende, en la reuni\u00f3n.<\/p>\n<p>5.- Respaldaron el di\u00e1logo en favor de la construcci\u00f3n de caminos de paz, respeto y entendimiento mutuo, con pleno reconocimiento de las capacidades complementarias.<\/p>\n","protected":false},"excerpt":{"rendered":"<p>SAN CRIST\u00d3BAL \u2013 Venezuela.- El ministro del Poder Popular para las Relaciones Exteriores de la Rep\u00fablica Bolivariana de Venezuela, Carlos Far\u00eda Tortosa, y el ministro designado de Relaciones Exteriores y Paz de Colombia, \u00c1lvaro Leyva Dur\u00e1n, reafirman la voluntad de hacer esfuerzos conjuntos para garantizar la seguridad y la paz en la frontera colombo-venezolana. Los &hellip;<\/p>\n","protected":false},"author":1,"featured_media":38038,"comment_status":"open","ping_status":"open","sticky":false,"template":"","format":"standard","meta":{"footnotes":""},"categories":[45,4],"tags":[812,4036],"class_list":["post-38037","post","type-post","status-publish","format-standard","has-post-thumbnail","hentry","category-destacado","category-barra","tag-cancilleres-de-colombia-y-venezuela","tag-declaracion-conjunta"],"_links":{"self":[{"href":"https:\/\/contraluzcucuta.co\/index.php?rest_route=\/wp\/v2\/posts\/38037","targetHints":{"allow":["GET"]}}],"collection":[{"href":"https:\/\/contraluzcucuta.co\/index.php?rest_route=\/wp\/v2\/posts"}],"about":[{"href":"https:\/\/contraluzcucuta.co\/index.php?rest_route=\/wp\/v2\/types\/post"}],"author":[{"embeddable":true,"href":"https:\/\/contraluzcucuta.co\/index.php?rest_route=\/wp\/v2\/users\/1"}],"replies":[{"embeddable":true,"href":"https:\/\/contraluzcucuta.co\/index.php?rest_route=%2Fwp%2Fv2%2Fcomments&post=38037"}],"version-history":[{"count":1,"href":"https:\/\/contraluzcucuta.co\/index.php?rest_route=\/wp\/v2\/posts\/38037\/revisions"}],"predecessor-version":[{"id":38040,"href":"https:\/\/contraluzcucuta.co\/index.php?rest_route=\/wp\/v2\/posts\/38037\/revisions\/38040"}],"wp:featuredmedia":[{"embeddable":true,"href":"https:\/\/contraluzcucuta.co\/index.php?rest_route=\/wp\/v2\/media\/38038"}],"wp:attachment":[{"href":"https:\/\/contraluzcucuta.co\/index.php?rest_route=%2Fwp%2Fv2%2Fmedia&parent=38037"}],"wp:term":[{"taxonomy":"category","embeddable":true,"href":"https:\/\/contraluzcucuta.co\/index.php?rest_route=%2Fwp%2Fv2%2Fcategories&post=38037"},{"taxonomy":"post_tag","embeddable":true,"href":"https:\/\/contraluzcucuta.co\/index.php?rest_route=%2Fwp%2Fv2%2Ftags&post=38037"}],"curies":[{"name":"wp","href":"https:\/\/api.w.org\/{rel}","templated":true}]}}