{"id":38024,"date":"2022-07-25T14:05:25","date_gmt":"2022-07-25T19:05:25","guid":{"rendered":"http:\/\/contraluzcucuta.co\/?p=38024"},"modified":"2022-07-25T19:49:31","modified_gmt":"2022-07-26T00:49:31","slug":"alvaro-sarmiento-la-noche-que-ardio-la-casa-del-loco","status":"publish","type":"post","link":"https:\/\/contraluzcucuta.co\/?p=38024","title":{"rendered":"\u00c1LVARO SARMIENTO. La noche que ardi\u00f3 la casa del \u2018Loco\u2019"},"content":{"rendered":"<p style=\"padding-left: 40px; text-align: right;\"><strong><span style=\"color: #ff9900;\">C\u00daCUTA. Es imposible subir por la avenida 10, entre calles 13 y 14, y no echar una mirada hacia la casa de \u00c1lvaro Sarmiento. Motociclistas y automovilistas desaceleran para llevarse la mejor impresi\u00f3n de la imagen que irradia el inmueble. La noche del 24 de julio, las llamas consumieron la residencia de este personaje popular cucute\u00f1o.<\/span><\/strong><\/p>\n<ul>\n<li>Deber\u00edan declararlo monumento nacional \u2013 dijo el hombre que se deleit\u00f3 mientras grababa y fotografiaba las ruinas.<\/li>\n<\/ul>\n<p>Al frente, los vecinos comentaban lo ocurrido. Del tumulto sal\u00edan conjeturas acerca del autor del incendio, del propietario, de las p\u00e9rdidas, de la vida que ganan. No se ahorraron comentarios. Entre mujeres y hombres tej\u00edan versiones novelescas e inveros\u00edmiles algunas, o colindantes con la realidad, otras.<\/p>\n<figure id=\"attachment_38026\" aria-describedby=\"caption-attachment-38026\" style=\"width: 300px\" class=\"wp-caption alignleft\"><a href=\"https:\/\/contraluzcucuta.co\/wp-content\/uploads\/2022\/07\/ALVARO-4.jpg\"><img loading=\"lazy\" decoding=\"async\" class=\"size-medium wp-image-38026\" src=\"https:\/\/contraluzcucuta.co\/wp-content\/uploads\/2022\/07\/ALVARO-4-300x216.jpg\" alt=\"\" width=\"300\" height=\"216\" srcset=\"https:\/\/contraluzcucuta.co\/wp-content\/uploads\/2022\/07\/ALVARO-4-300x216.jpg 300w, https:\/\/contraluzcucuta.co\/wp-content\/uploads\/2022\/07\/ALVARO-4-600x432.jpg 600w, https:\/\/contraluzcucuta.co\/wp-content\/uploads\/2022\/07\/ALVARO-4-768x553.jpg 768w, https:\/\/contraluzcucuta.co\/wp-content\/uploads\/2022\/07\/ALVARO-4.jpg 882w\" sizes=\"auto, (max-width: 300px) 100vw, 300px\" \/><\/a><figcaption id=\"caption-attachment-38026\" class=\"wp-caption-text\"><em>Afuera, est\u00e1 la mugre revuelta que los voluntarios han sacado de la casa.<\/em><\/figcaption><\/figure>\n<p>\u00c1lvaro est\u00e1 triste. La jovialidad de d\u00edas antes del siniestro ha desaparecido. Est\u00e1 desencajado y aturdido por los hechos. No tiene deseos de hablar. Mira hacia adentro y se acongoja, porque sus objetos valiosos han desaparecido por acci\u00f3n del fuego o del agua con la que los bomberos apagaron la conflagraci\u00f3n.<\/p>\n<p>Al domingo en la tarde, \u2018El loco de los potes\u2019 asisti\u00f3 al estadio para presenciar la derrota (0-1) del C\u00facuta Deportivo, frente al Barranquilla. En las tribunas se divirti\u00f3 con sus travesuras y asust\u00f3, como es su costumbre, a los desprevenidos aficionados. Hizo chistes, cruz\u00f3 gracejos con amigos que no conoce, pero que lo reconocen como figura local.<\/p>\n<p>En la noche, acudi\u00f3 a los alrededores del General Santander para beberse unas cervezas. El alcohol y el cansancio hicieron mella y lo tumbaron sobre el and\u00e9n. Ah\u00ed estaba, dormido, cuando un agente de la polic\u00eda interrumpi\u00f3 el sue\u00f1o para darle la mala nueva. La casa estaba en llamas. Era la media noche.<\/p>\n<ul>\n<li>Esto no se prendi\u00f3 solo \u2013 dijo \u00c1lvaro con sentimiento. No quer\u00eda mirar de frente, quiz\u00e1s para evitar que se le notara en los ojos la tristeza que lo embargaba en ese instante. Esquiv\u00f3 las preguntas y camin\u00f3 hasta la esquina a desayunar.<\/li>\n<\/ul>\n<p>La romer\u00eda contin\u00faa. A los vecinos se suman los curiosos, los ciclistas y los peatones. Cada uno exhala un suspiro y sigue el camino. Una mujer est\u00e1 preocupada por saber qu\u00e9 noticiero informar\u00e1 al mediod\u00eda. La respuesta es inmediata. Llegan periodistas de canales locales, hacen la nota y parten con las im\u00e1genes.<\/p>\n<figure id=\"attachment_38027\" aria-describedby=\"caption-attachment-38027\" style=\"width: 300px\" class=\"wp-caption alignleft\"><a href=\"https:\/\/contraluzcucuta.co\/wp-content\/uploads\/2022\/07\/ALVARO-3.jpg\"><img loading=\"lazy\" decoding=\"async\" class=\"size-medium wp-image-38027\" src=\"https:\/\/contraluzcucuta.co\/wp-content\/uploads\/2022\/07\/ALVARO-3-300x135.jpg\" alt=\"\" width=\"300\" height=\"135\" srcset=\"https:\/\/contraluzcucuta.co\/wp-content\/uploads\/2022\/07\/ALVARO-3-300x135.jpg 300w, https:\/\/contraluzcucuta.co\/wp-content\/uploads\/2022\/07\/ALVARO-3-600x270.jpg 600w, https:\/\/contraluzcucuta.co\/wp-content\/uploads\/2022\/07\/ALVARO-3-1024x461.jpg 1024w, https:\/\/contraluzcucuta.co\/wp-content\/uploads\/2022\/07\/ALVARO-3-768x346.jpg 768w, https:\/\/contraluzcucuta.co\/wp-content\/uploads\/2022\/07\/ALVARO-3-1536x691.jpg 1536w, https:\/\/contraluzcucuta.co\/wp-content\/uploads\/2022\/07\/ALVARO-3.jpg 1600w\" sizes=\"auto, (max-width: 300px) 100vw, 300px\" \/><\/a><figcaption id=\"caption-attachment-38027\" class=\"wp-caption-text\"><em>\u00daltima revisi\u00f3n a las paredes, por seguridad.<\/em><\/figcaption><\/figure>\n<p>\u00c1lvaro atiende a la prensa, responde a las inquietudes de los comunicadores, evade las c\u00e1maras y vuelve para hablar de lo sucedido. En otras condiciones no hubiera desaprovechado la oportunidad para criticar a las administraciones municipales pasadas o al gobierno nacional. Pero no es el momento. El dolor lo tiene amilanado.<\/p>\n<p>Un mito cucute\u00f1o dice que \u00c1lvaro Sarmiento es due\u00f1o de siete casas. As\u00ed lo record\u00f3 uno de los hombres llegados para hablar verdades sin comprobar. La realidad es que esos decires tienen algo de ciertos.<\/p>\n<ul>\n<li>Mi mam\u00e1, antes de morir, le escritur\u00f3 esta y otras casas a \u00c1lvaro \u2013 dijo Hugo, hermano mayor. Y cont\u00f3 c\u00f3mo \u2018El Loco\u2019 se hizo due\u00f1o de esas propiedades.<\/li>\n<\/ul>\n<p>Las otras viviendas est\u00e1n en el barrio Magdalena (Comuna 9). Ah\u00ed, donde comenzaba la zona de tolerancia que hace a\u00f1os fue clausurada y que los cincuentenos recuerdan. La administraci\u00f3n municipal pasada derrumb\u00f3 algunas de esas casas por considerarlas peligrosas para la convivencia.<\/p>\n<p>\u00c1lvaro es el s\u00e9ptimo de los nueve hermanos. Los dem\u00e1s trabajan, tienen un hogar normal, viven tranquilos. Uno muri\u00f3. \u00c9l, es el diferente, el que se dedic\u00f3 a esa vida callejera sin necesidad, el que duerme donde lo agarra la noche, el que no viste bien y tiene apariencia de habitante de calle.<\/p>\n<ul>\n<li>Desde peque\u00f1o se le torcieron los cables \u2013 dijo Hugo. Va por el centro de la ciudad y recoge cualquier objeto que considera indispensable para llenar la casa. Si no pod\u00eda guardarlo adentro lo tiraba en el and\u00e9n.<\/li>\n<\/ul>\n<figure id=\"attachment_38028\" aria-describedby=\"caption-attachment-38028\" style=\"width: 300px\" class=\"wp-caption alignleft\"><a href=\"https:\/\/contraluzcucuta.co\/wp-content\/uploads\/2022\/07\/ALVARO-6.jpg\"><img loading=\"lazy\" decoding=\"async\" class=\"size-medium wp-image-38028\" src=\"https:\/\/contraluzcucuta.co\/wp-content\/uploads\/2022\/07\/ALVARO-6-300x135.jpg\" alt=\"\" width=\"300\" height=\"135\" srcset=\"https:\/\/contraluzcucuta.co\/wp-content\/uploads\/2022\/07\/ALVARO-6-300x135.jpg 300w, https:\/\/contraluzcucuta.co\/wp-content\/uploads\/2022\/07\/ALVARO-6-600x270.jpg 600w, https:\/\/contraluzcucuta.co\/wp-content\/uploads\/2022\/07\/ALVARO-6-1024x461.jpg 1024w, https:\/\/contraluzcucuta.co\/wp-content\/uploads\/2022\/07\/ALVARO-6-768x346.jpg 768w, https:\/\/contraluzcucuta.co\/wp-content\/uploads\/2022\/07\/ALVARO-6-1536x691.jpg 1536w, https:\/\/contraluzcucuta.co\/wp-content\/uploads\/2022\/07\/ALVARO-6.jpg 1600w\" sizes=\"auto, (max-width: 300px) 100vw, 300px\" \/><\/a><figcaption id=\"caption-attachment-38028\" class=\"wp-caption-text\"><em>Desde arriba se ve parte del pasado. La maleza reina en el lugar.<\/em><\/figcaption><\/figure>\n<p>La vivienda de la avenida 10 tiene 68 metros de fondo. Desde arriba se ve parte de las 15 habitaciones, que ahora acusan deterioro, est\u00e1n cubiertas de maleza y copadas de hierros oxidados, trozos de madera y elementos que \u00c1lvaro no quiere vender, ni regalar, ni dejar sacar.<\/p>\n<p>La remoci\u00f3n de escombros corre por cuenta de voluntarios. Belkis, la sobrina y vecina, clama por la presencia de la empresa de aseo para que se lleve lo que el incendio dej\u00f3. De la \u2018sala\u2019 sacan mugre y m\u00e1s mugre. Hay toneladas. Entrar es casi imposible. La oportunidad para deshacerse de esa suciedad es ahora.<\/p>\n<p>El olor que despide esa basura quemada y mojada es penetrante. Arriba, debajo de las tejas de la pared frontal, aparece una estela de humo que alarma a los curiosos. La puerta de entrada qued\u00f3 inservible, la fachada ruinosa contrasta con el blanco y el amarillo de los inmuebles que la flanquean.<\/p>\n<p>\u00c1lvaro est\u00e1 al frente de las labores de retiro de los desechos. Est\u00e1 ensimismado. La sobrina tira a la v\u00eda pedazos de loza que han sacado de la sala. \u2018El Loco\u2019, con paciencia, los toma y los amontona, como cuando los encontr\u00f3 en cualquier lugar cucute\u00f1o hace muchos meses.<\/p>\n<p>No tiene la mirada puesta en un punto fijo. Est\u00e1 embebido por los recuerdos de lo que fue su hogar. Un funcionario de la Secretar\u00eda de Gesti\u00f3n del Riesgo explic\u00f3 que la Alcald\u00eda solo podr\u00e1 auxiliarlo con algunos enseres, pero no con recursos econ\u00f3micos para la reparaci\u00f3n de la vivienda.<\/p>\n<ul>\n<li>Dicen que fue un indigente el que le meti\u00f3 candela \u2013 dijo una mujer mientras segu\u00eda con atenci\u00f3n la remoci\u00f3n de los desperdicios que caus\u00f3 la conflagraci\u00f3n.<\/li>\n<\/ul>\n<p>&nbsp;<\/p>\n<p><strong>RAFAEL ANTONIO PAB\u00d3N<\/strong><\/p>\n<p><strong><a href=\"mailto:rafaelpabon58@hotmail.com\">rafaelpabon58@hotmail.com<\/a><\/strong><\/p>\n","protected":false},"excerpt":{"rendered":"<p>C\u00daCUTA. Es imposible subir por la avenida 10, entre calles 13 y 14, y no echar una mirada hacia la casa de \u00c1lvaro Sarmiento. Motociclistas y automovilistas desaceleran para llevarse la mejor impresi\u00f3n de la imagen que irradia el inmueble. La noche del 24 de julio, las llamas consumieron la residencia de este personaje popular &hellip;<\/p>\n","protected":false},"author":1,"featured_media":38025,"comment_status":"open","ping_status":"open","sticky":false,"template":"","format":"standard","meta":{"footnotes":""},"categories":[45,4],"tags":[1159,5456,644,1160],"class_list":["post-38024","post","type-post","status-publish","format-standard","has-post-thumbnail","hentry","category-destacado","category-barra","tag-alvaro-sarmiento","tag-contraluzcronicas","tag-contraluzcucuta","tag-el-loco-de-los-potes"],"_links":{"self":[{"href":"https:\/\/contraluzcucuta.co\/index.php?rest_route=\/wp\/v2\/posts\/38024","targetHints":{"allow":["GET"]}}],"collection":[{"href":"https:\/\/contraluzcucuta.co\/index.php?rest_route=\/wp\/v2\/posts"}],"about":[{"href":"https:\/\/contraluzcucuta.co\/index.php?rest_route=\/wp\/v2\/types\/post"}],"author":[{"embeddable":true,"href":"https:\/\/contraluzcucuta.co\/index.php?rest_route=\/wp\/v2\/users\/1"}],"replies":[{"embeddable":true,"href":"https:\/\/contraluzcucuta.co\/index.php?rest_route=%2Fwp%2Fv2%2Fcomments&post=38024"}],"version-history":[{"count":3,"href":"https:\/\/contraluzcucuta.co\/index.php?rest_route=\/wp\/v2\/posts\/38024\/revisions"}],"predecessor-version":[{"id":38031,"href":"https:\/\/contraluzcucuta.co\/index.php?rest_route=\/wp\/v2\/posts\/38024\/revisions\/38031"}],"wp:featuredmedia":[{"embeddable":true,"href":"https:\/\/contraluzcucuta.co\/index.php?rest_route=\/wp\/v2\/media\/38025"}],"wp:attachment":[{"href":"https:\/\/contraluzcucuta.co\/index.php?rest_route=%2Fwp%2Fv2%2Fmedia&parent=38024"}],"wp:term":[{"taxonomy":"category","embeddable":true,"href":"https:\/\/contraluzcucuta.co\/index.php?rest_route=%2Fwp%2Fv2%2Fcategories&post=38024"},{"taxonomy":"post_tag","embeddable":true,"href":"https:\/\/contraluzcucuta.co\/index.php?rest_route=%2Fwp%2Fv2%2Ftags&post=38024"}],"curies":[{"name":"wp","href":"https:\/\/api.w.org\/{rel}","templated":true}]}}