{"id":38019,"date":"2022-07-24T20:07:03","date_gmt":"2022-07-25T01:07:03","guid":{"rendered":"http:\/\/contraluzcucuta.co\/?p=38019"},"modified":"2022-07-24T20:07:03","modified_gmt":"2022-07-25T01:07:03","slug":"futbol-de-segunda-cucuta-deportivo-rendimiento-deficiente-en-tres-fechas","status":"publish","type":"post","link":"https:\/\/contraluzcucuta.co\/?p=38019","title":{"rendered":"F\u00daTBOL DE SEGUNDA. C\u00facuta Deportivo, rendimiento deficiente en tres fechas"},"content":{"rendered":"<p style=\"padding-left: 40px; text-align: right;\"><strong><span style=\"color: #ff9900;\">C\u00daCUTA.- \u201cPresidente, nosotros le ponemos los abonados que quiera, pero mejore el equipo\u201d, le grit\u00f3 un aficionado a Eduardo Silva Meluk. El directivo del once<\/span><\/strong><\/p>\n<div class=\"mceTemp\"><\/div>\n<p style=\"padding-left: 40px; text-align: right;\"><strong><span style=\"color: #ff9900;\">motil\u00f3n abri\u00f3 los ojos claros y no respondi\u00f3. \u00a0<\/span><\/strong><\/p>\n<ul>\n<li>\u201cPresidente, ll\u00e1meles la atenci\u00f3n a los jugadores\u201d, dijo otro hombre con rabia, para hacerse vocero de los millares de hinchas que vieron perder por segunda ocasi\u00f3n al C\u00facuta Deportivo (0-1). El directivo se tom\u00f3 la barbilla con la mano izquierda y no murmur\u00f3 comentario alguno.<\/li>\n<li>\u201cPresidente, estamos cans\u00e1ndonos\u201d, vocifer\u00f3 un tercer asistente al General Santander vestido con camiseta y gorra rojinegras. El directivo esboz\u00f3 una leve sonrisa, m\u00e1s de resignaci\u00f3n que de aceptaci\u00f3n a las voces que escuchaba, a pesar de la f\u00e9rrea defensa que impon\u00edan los hombres de negro que lo protegen.<\/li>\n<\/ul>\n<p>Silva Meluk permaneci\u00f3 pensativo. Quiz\u00e1s reproch\u00e1ndose por haberse metido en esta camisa de once varas. O de once jugadores que en las primeras fechas no han respondido a la confianza de los seguidores del elenco motil\u00f3n y han dejado escapar ocho de los nueve puntos disputados. Tienen rendimiento deficitario.<\/p>\n<figure id=\"attachment_38022\" aria-describedby=\"caption-attachment-38022\" style=\"width: 300px\" class=\"wp-caption alignleft\"><a href=\"https:\/\/contraluzcucuta.co\/wp-content\/uploads\/2022\/07\/CUCUTA-BARRANQUILLA-3.jpg\"><img loading=\"lazy\" decoding=\"async\" class=\"size-medium wp-image-38022\" src=\"https:\/\/contraluzcucuta.co\/wp-content\/uploads\/2022\/07\/CUCUTA-BARRANQUILLA-3-300x200.jpg\" alt=\"\" width=\"300\" height=\"200\" srcset=\"https:\/\/contraluzcucuta.co\/wp-content\/uploads\/2022\/07\/CUCUTA-BARRANQUILLA-3-300x200.jpg 300w, https:\/\/contraluzcucuta.co\/wp-content\/uploads\/2022\/07\/CUCUTA-BARRANQUILLA-3-600x400.jpg 600w, https:\/\/contraluzcucuta.co\/wp-content\/uploads\/2022\/07\/CUCUTA-BARRANQUILLA-3-1024x683.jpg 1024w, https:\/\/contraluzcucuta.co\/wp-content\/uploads\/2022\/07\/CUCUTA-BARRANQUILLA-3-768x512.jpg 768w, https:\/\/contraluzcucuta.co\/wp-content\/uploads\/2022\/07\/CUCUTA-BARRANQUILLA-3-1536x1024.jpg 1536w, https:\/\/contraluzcucuta.co\/wp-content\/uploads\/2022\/07\/CUCUTA-BARRANQUILLA-3.jpg 1599w\" sizes=\"auto, (max-width: 300px) 100vw, 300px\" \/><\/a><figcaption id=\"caption-attachment-38022\" class=\"wp-caption-text\"><em>Los jugadores tampoco encuentran respuesta al mal momento que vive el once motil\u00f3n. \/Foto MARIO CAICEDO<\/em><\/figcaption><\/figure>\n<p>Quiz\u00e1s pensaba en qui\u00e9n tendr\u00e1 la f\u00f3rmula m\u00e1gica para salir de este trance en el que ha ca\u00eddo el equipo. Contra Barranquilla hubo cambios sustanciales en la formaci\u00f3n del cuadro fronterizo, que coincidieron con las peticiones de los aficionados. M\u00e1s cuando en Bogot\u00e1 se consigui\u00f3 un empate, que pudo ser victoria.<\/p>\n<p>Aquivaldo dej\u00f3 a su hermano Wilder en la banca y mand\u00f3 a la cancha al portero argentino Mastrolia. Reforz\u00f3 la l\u00ednea posterior, y puso los cuatro zagueros. Dej\u00f3 la l\u00ednea de tres para regocijo de sus cr\u00edticos. En el centro de la cancha aline\u00f3 con armador, con el due\u00f1o de las ideas. Se sent\u00eda la falta de este jugador, aunque en esta ocasi\u00f3n a Lucas le falt\u00f3 mostrarse m\u00e1s, pedir el bal\u00f3n, hacerse sentir como el due\u00f1o del medio campo, ir por la pelota y hacer jugar a los compa\u00f1eros. De chispazos no vive el 10.<\/p>\n<p>Adelante le dio oportunidad a Frigerio, que alcanz\u00f3 a levantar de los grader\u00edos a los presentes. Luego, se disip\u00f3. El calor, el sol, la temperatura ardiente, minaron las fuerzas y las ideas de los extranjeros, que en el segundo tiempo fueron relevados, menos el arquero.<\/p>\n<p>Eduardo Silva, tal vez, pensaba en los vac\u00edos que se vieron en las tribunas. No hubo la asistencia de la primera fecha. Los abonados respondieron, pero los que compran boleta al por menor no llegaron. Eso debe inquietar al directivo, porque poco a poco se debilitan las arcas.<\/p>\n<figure id=\"attachment_38021\" aria-describedby=\"caption-attachment-38021\" style=\"width: 300px\" class=\"wp-caption alignleft\"><a href=\"https:\/\/contraluzcucuta.co\/wp-content\/uploads\/2022\/07\/CUCUTA-BARRANQUILLA-1.jpg\"><img loading=\"lazy\" decoding=\"async\" class=\"size-medium wp-image-38021\" src=\"https:\/\/contraluzcucuta.co\/wp-content\/uploads\/2022\/07\/CUCUTA-BARRANQUILLA-1-300x200.jpg\" alt=\"\" width=\"300\" height=\"200\" srcset=\"https:\/\/contraluzcucuta.co\/wp-content\/uploads\/2022\/07\/CUCUTA-BARRANQUILLA-1-300x200.jpg 300w, https:\/\/contraluzcucuta.co\/wp-content\/uploads\/2022\/07\/CUCUTA-BARRANQUILLA-1-600x400.jpg 600w, https:\/\/contraluzcucuta.co\/wp-content\/uploads\/2022\/07\/CUCUTA-BARRANQUILLA-1-1024x683.jpg 1024w, https:\/\/contraluzcucuta.co\/wp-content\/uploads\/2022\/07\/CUCUTA-BARRANQUILLA-1-768x512.jpg 768w, https:\/\/contraluzcucuta.co\/wp-content\/uploads\/2022\/07\/CUCUTA-BARRANQUILLA-1-1536x1024.jpg 1536w, https:\/\/contraluzcucuta.co\/wp-content\/uploads\/2022\/07\/CUCUTA-BARRANQUILLA-1.jpg 1599w\" sizes=\"auto, (max-width: 300px) 100vw, 300px\" \/><\/a><figcaption id=\"caption-attachment-38021\" class=\"wp-caption-text\"><em>A los hinchas se les agota la paciencia. Ayer, se metieron con los jugadores. \/ Foto: MARIO CAICEDO<\/em><\/figcaption><\/figure>\n<p>Los hinchas, en el comienzo del partido y cuando todav\u00eda cre\u00edan en el triunfo, volvieron a jugar a la ola, se divirtieron, cantaron, entonaron los himnos con patriotismo motil\u00f3n, se regocijaron con el momento vivido.<\/p>\n<p>Luego del pitido inicial comenzaron a sentir que los tres puntos se quedaban en casa. Primera llegada con olor a gol. El primer \u201chuuuyyy\u201d. A sentarse de nuevo. Segunda aproximaci\u00f3n al arco rival. Otro \u201chuuuyyy\u201d. De esos que activan el resorte que tienen los espectadores para no dejar ver la jugada al vecino. As\u00ed, llegaron la tercera, la cuarta, la quinta, la sexta posibilidad de abrir el marcador y nada. Para algunos esto puede ser cuesti\u00f3n de suerte. Para los dem\u00e1s, tiene que ver m\u00e1s con la preparaci\u00f3n mental del jugador.<\/p>\n<p>El presidente Silva, a lo mejor, reflexionaba sobre los estribillos con los que desde Sur les piden a los futbolistas que \u2018pongan huevos\u2019, que suden la camiseta, que se comprometan con la causa rojinegra, que no olviden que el C\u00facuta es de la A y debe jugar como equipo de la A.<\/p>\n<p>Otro c\u00e1ntico salido de las gargantas de los muchachos de la Banda del Indio, animados por el bombo mayor, alienta acerca del triunfo. \u2018Esta tarde tenemos que ganar\u2019. Un anhelo que no se cumpli\u00f3, porque Luis Sandoval agu\u00f3 la fiesta y hundi\u00f3 en los \u00faltimos puestos de la clasificaci\u00f3n al cuadro cucute\u00f1o.<\/p>\n<p>El presidente Silva Meluk, de pronto, cavilaba en torno del tiempo que le resta a Aquivaldo al frente del banquillo. Mosquera paga la novatada y desde Occidente hasta Oriente, y de Norte a Sur, la pregunta es si soportar\u00e1 otro embate de los dioses del olimpo futbol\u00edstico que no perdonan las derrotas.<\/p>\n<p>Eduardo Silva Meluk, quiz\u00e1s, no dormir\u00e1 tranquilo durante varias semanas, mientras asimila en qu\u00e9 \u2018chicharr\u00f3n\u2019 se meti\u00f3, porque en el siguiente partido en el General los grader\u00edos podr\u00edan estar m\u00e1s vac\u00edo que este domingo. A \u2018la mejor afici\u00f3n de Colombia\u2019 no le gustan que le cambien los gatos por liebres.<\/p>\n<ul>\n<li>\u201cBien, Presidente, bien\u201d, le hizo se\u00f1as otro aficionado, mientras uno con mayor familiaridad se acerc\u00f3 y lo abraz\u00f3. El Presidente no dijo nada delante de los hinchas. Estaba absorto.<\/li>\n<\/ul>\n<p><strong>RAFAEL ANTONIO PAB\u00d3N<\/strong><\/p>\n<p><strong><a href=\"mailto:rafaelpabon58@hotmail.com\">rafaelpabon58@hotmail.com<\/a><\/strong><\/p>\n","protected":false},"excerpt":{"rendered":"<p>C\u00daCUTA.- \u201cPresidente, nosotros le ponemos los abonados que quiera, pero mejore el equipo\u201d, le grit\u00f3 un aficionado a Eduardo Silva Meluk. El directivo del once motil\u00f3n abri\u00f3 los ojos claros y no respondi\u00f3. \u00a0 \u201cPresidente, ll\u00e1meles la atenci\u00f3n a los jugadores\u201d, dijo otro hombre con rabia, para hacerse vocero de los millares de hinchas que &hellip;<\/p>\n","protected":false},"author":1,"featured_media":38020,"comment_status":"open","ping_status":"open","sticky":false,"template":"","format":"standard","meta":{"footnotes":""},"categories":[4,28],"tags":[5444,1396,5455,1988,1098],"class_list":["post-38019","post","type-post","status-publish","format-standard","has-post-thumbnail","hentry","category-barra","category-vistazo-deportivo","tag-cucuta-deportivo-2022","tag-dimayor","tag-eduardo-silva-meluk","tag-futbol-de-segunda","tag-torneo-de-la-b"],"_links":{"self":[{"href":"https:\/\/contraluzcucuta.co\/index.php?rest_route=\/wp\/v2\/posts\/38019","targetHints":{"allow":["GET"]}}],"collection":[{"href":"https:\/\/contraluzcucuta.co\/index.php?rest_route=\/wp\/v2\/posts"}],"about":[{"href":"https:\/\/contraluzcucuta.co\/index.php?rest_route=\/wp\/v2\/types\/post"}],"author":[{"embeddable":true,"href":"https:\/\/contraluzcucuta.co\/index.php?rest_route=\/wp\/v2\/users\/1"}],"replies":[{"embeddable":true,"href":"https:\/\/contraluzcucuta.co\/index.php?rest_route=%2Fwp%2Fv2%2Fcomments&post=38019"}],"version-history":[{"count":1,"href":"https:\/\/contraluzcucuta.co\/index.php?rest_route=\/wp\/v2\/posts\/38019\/revisions"}],"predecessor-version":[{"id":38023,"href":"https:\/\/contraluzcucuta.co\/index.php?rest_route=\/wp\/v2\/posts\/38019\/revisions\/38023"}],"wp:featuredmedia":[{"embeddable":true,"href":"https:\/\/contraluzcucuta.co\/index.php?rest_route=\/wp\/v2\/media\/38020"}],"wp:attachment":[{"href":"https:\/\/contraluzcucuta.co\/index.php?rest_route=%2Fwp%2Fv2%2Fmedia&parent=38019"}],"wp:term":[{"taxonomy":"category","embeddable":true,"href":"https:\/\/contraluzcucuta.co\/index.php?rest_route=%2Fwp%2Fv2%2Fcategories&post=38019"},{"taxonomy":"post_tag","embeddable":true,"href":"https:\/\/contraluzcucuta.co\/index.php?rest_route=%2Fwp%2Fv2%2Ftags&post=38019"}],"curies":[{"name":"wp","href":"https:\/\/api.w.org\/{rel}","templated":true}]}}