{"id":38014,"date":"2022-07-22T10:59:34","date_gmt":"2022-07-22T15:59:34","guid":{"rendered":"http:\/\/contraluzcucuta.co\/?p=38014"},"modified":"2022-07-22T10:59:34","modified_gmt":"2022-07-22T15:59:34","slug":"noticias-rcn-senador-de-estados-unidos-pide-incluir-a-ruben-zamora-en-lista-de-terroristas","status":"publish","type":"post","link":"https:\/\/contraluzcucuta.co\/?p=38014","title":{"rendered":"NOTICIAS RCN. Senador de Estados Unidos pide incluir a Rub\u00e9n Zamora en lista de terroristas"},"content":{"rendered":"<p style=\"padding-left: 40px; text-align: right;\"><strong><span style=\"color: #ff9900;\">C\u00daCUTA.- El senador republicano estadounidense Ted Cruz pidi\u00f3 al gobierno de Joe Biden volver a incluir a las Farc en la lista de grupos terroristas. La informaci\u00f3n fue suministrada por Noticias RCN y NTN 24. El congresista entreg\u00f3 una lista de exmiembros del grupo guerrillero que estar\u00edan comprometidos con varios delitos. En el listado aparece Emiro Ropero Su\u00e1rez (Rub\u00e9n Zamora), ex comandante del Frente 33 de las Farc, que oper\u00f3 en Norte de Santander.<\/span><\/strong><\/p>\n<p>Zamora, al enterarse de la informaci\u00f3n, se\u00f1al\u00f3 que Cruz representa a los sectores m\u00e1s radicales de Estados Unidos, que le han apostado a la guerra en Colombia y varias regiones del planeta, ocasionando graves estragos y crisis humanitarias. \u201cPor fortuna el actual gobierno de los Estados Unidos ha ofrecido su colaboraci\u00f3n a Colombia para avanzar en la b\u00fasqueda de la paz y una soluci\u00f3n alternativa y viable al grave flagelo de las drogas\u201d.<\/p>\n<p>Indic\u00f3 que sigue apost\u00e1ndole decididamente a la paz y a la reconciliaci\u00f3n. \u201cCreo que los anuncios de disposici\u00f3n al di\u00e1logo de organizaciones rebeldes y otros actores que participan del conflicto armado, estimulan la esperanza de una paz total, estable y duradera para Colombia\u201d.<\/p>\n<p>Se\u00f1al\u00f3 que \u201cla guerra tiene unos costos en p\u00e9rdidas de vidas humanas, muy grandes, dolor sufrimiento y estimula odios que desembocan en nuevas violencias\u201d. Tiene la esperanza que el gobierno y el congreso estadounidenses ayuden a financiar la implementaci\u00f3n del acuerdo de paz y los dem\u00e1s acuerdos que surjan de nuevas negociaciones.<\/p>\n<figure id=\"attachment_38016\" aria-describedby=\"caption-attachment-38016\" style=\"width: 300px\" class=\"wp-caption alignleft\"><a href=\"https:\/\/contraluzcucuta.co\/wp-content\/uploads\/2022\/07\/RUBEN-ZAMORA-3.jpg\"><img loading=\"lazy\" decoding=\"async\" class=\"size-medium wp-image-38016\" src=\"https:\/\/contraluzcucuta.co\/wp-content\/uploads\/2022\/07\/RUBEN-ZAMORA-3-300x300.jpg\" alt=\"\" width=\"300\" height=\"300\" srcset=\"https:\/\/contraluzcucuta.co\/wp-content\/uploads\/2022\/07\/RUBEN-ZAMORA-3-300x300.jpg 300w, https:\/\/contraluzcucuta.co\/wp-content\/uploads\/2022\/07\/RUBEN-ZAMORA-3-100x100.jpg 100w, https:\/\/contraluzcucuta.co\/wp-content\/uploads\/2022\/07\/RUBEN-ZAMORA-3-150x150.jpg 150w, https:\/\/contraluzcucuta.co\/wp-content\/uploads\/2022\/07\/RUBEN-ZAMORA-3-768x771.jpg 768w, https:\/\/contraluzcucuta.co\/wp-content\/uploads\/2022\/07\/RUBEN-ZAMORA-3.jpg 896w\" sizes=\"auto, (max-width: 300px) 100vw, 300px\" \/><\/a><figcaption id=\"caption-attachment-38016\" class=\"wp-caption-text\"><em>Foto: Tomada de facebook<\/em><\/figcaption><\/figure>\n<p>El parlamentario estadounidense, tambi\u00e9n, pidi\u00f3 que la senadora del Pacto Hist\u00f3rico, Piedad C\u00f3rdoba, y la senadora electa por el Partido Comunes, Sandra Ram\u00edrez Lobo, sean incluidas en la lista por tener conexiones con grupos terroristas.<\/p>\n<p>La solicitud cuenta con el apoyo de varios senadores y se hizo por medio de documentos que obtuvo Noticias RCN, en exclusiva, y en los que se exponen algunos puntos sobre la inclusi\u00f3n de miembros de las Farc a la lista, pues no han pagado por sus cr\u00edmenes.<\/p>\n<p>El listado entregado por Ted Cruz lo complementan:<\/p>\n<p>&#8211; Jos\u00e9 Benito Cabrera Cuevas (alias Fabi\u00e1n Ram\u00edrez)<\/p>\n<p>&#8211; Erasmo Traslavina Benavides (alias Jimmy Guerrero)<\/p>\n<p>&#8211; Guillermo Enrique Torres Cu\u00e9ter (alias Juli\u00e1n Conrado)<\/p>\n<p>&#8211; Rodrigo Granda (alias Gallopinto).<\/p>\n<p>\u201cEl mensaje al gobierno, al congreso y al pueblo de Estados Unidos, es que como firmantes de paz seguimos apost\u00e1ndole sin vacilaci\u00f3n a la implementaci\u00f3n del acuerdo de paz, a la soluci\u00f3n definitiva al grave flagelo de las drogas il\u00edcitas y al di\u00e1logo como alternativa para llegar a una paz total, completa, estable, duradera\u201d, dijo Rub\u00e9n Zamora en respuesta a la noticia conocida desde Washington.<\/p>\n<figure id=\"attachment_38017\" aria-describedby=\"caption-attachment-38017\" style=\"width: 225px\" class=\"wp-caption alignleft\"><a href=\"https:\/\/contraluzcucuta.co\/wp-content\/uploads\/2022\/07\/RUBEN-ZAMORA-2.jpg\"><img loading=\"lazy\" decoding=\"async\" class=\"size-medium wp-image-38017\" src=\"https:\/\/contraluzcucuta.co\/wp-content\/uploads\/2022\/07\/RUBEN-ZAMORA-2-225x300.jpg\" alt=\"\" width=\"225\" height=\"300\" srcset=\"https:\/\/contraluzcucuta.co\/wp-content\/uploads\/2022\/07\/RUBEN-ZAMORA-2-225x300.jpg 225w, https:\/\/contraluzcucuta.co\/wp-content\/uploads\/2022\/07\/RUBEN-ZAMORA-2-600x800.jpg 600w, https:\/\/contraluzcucuta.co\/wp-content\/uploads\/2022\/07\/RUBEN-ZAMORA-2-768x1024.jpg 768w, https:\/\/contraluzcucuta.co\/wp-content\/uploads\/2022\/07\/RUBEN-ZAMORA-2-1152x1536.jpg 1152w, https:\/\/contraluzcucuta.co\/wp-content\/uploads\/2022\/07\/RUBEN-ZAMORA-2.jpg 1536w\" sizes=\"auto, (max-width: 225px) 100vw, 225px\" \/><\/a><figcaption id=\"caption-attachment-38017\" class=\"wp-caption-text\"><em>Foto: Tomada de Facebook<\/em><\/figcaption><\/figure>\n<p>En noviembre de 2021 la administraci\u00f3n Biden excluy\u00f3 a las Fuerzas Revolucionarias de Colombia del listado de organizaciones terroristas, bajo el acta de la inmigraci\u00f3n y la nacionalidad INA, y como un designado global del terrorismo. El siguiente d\u00eda el departamento del tesoro removi\u00f3 a 275 individuos y organizaciones asociadas con las Farc de la lista OFAC, indica el documento firmado por Cruz, seg\u00fan RCN.<\/p>\n<p>Dijo Rub\u00e9n Zamora que en desarrollo de la pol\u00edtica para resolver el problema de las drogas de uso il\u00edcito como parte del esfuerzo de la implementaci\u00f3n del acuerdo de paz \u201ces importante convocar una conferencia internacional que aborde la discusi\u00f3n de este asunto y construir consensos que permitan llegar a soluciones, tanto para los pa\u00edses productores de drogas il\u00edcitas como para aquellos donde el consumo de drogas ha generado graves consecuencias.<\/p>\n<p>\u201cCreo que el mundo se va a movilizar para respaldar los esfuerzos que se han hecho en Colombia por la paz y los nuevos esfuerzos que se har\u00e1n en el Gobierno de Gustavo Petro. En cuanto al senador Ted Cruz, lo llamo a desarmar su esp\u00edritu, a reconciliarse y o\u00edr al mundo que clama entendimientos, concluy\u00f3 Rub\u00e9n Zamora.<\/p>\n","protected":false},"excerpt":{"rendered":"<p>C\u00daCUTA.- El senador republicano estadounidense Ted Cruz pidi\u00f3 al gobierno de Joe Biden volver a incluir a las Farc en la lista de grupos terroristas. La informaci\u00f3n fue suministrada por Noticias RCN y NTN 24. El congresista entreg\u00f3 una lista de exmiembros del grupo guerrillero que estar\u00edan comprometidos con varios delitos. En el listado aparece &hellip;<\/p>\n","protected":false},"author":1,"featured_media":38015,"comment_status":"open","ping_status":"open","sticky":false,"template":"","format":"standard","meta":{"footnotes":""},"categories":[4,9],"tags":[3583,718,3870],"class_list":["post-38014","post","type-post","status-publish","format-standard","has-post-thumbnail","hentry","category-barra","category-politica","tag-acuerdos-de-paz","tag-conflicto-armado","tag-ruben-zamora"],"_links":{"self":[{"href":"https:\/\/contraluzcucuta.co\/index.php?rest_route=\/wp\/v2\/posts\/38014","targetHints":{"allow":["GET"]}}],"collection":[{"href":"https:\/\/contraluzcucuta.co\/index.php?rest_route=\/wp\/v2\/posts"}],"about":[{"href":"https:\/\/contraluzcucuta.co\/index.php?rest_route=\/wp\/v2\/types\/post"}],"author":[{"embeddable":true,"href":"https:\/\/contraluzcucuta.co\/index.php?rest_route=\/wp\/v2\/users\/1"}],"replies":[{"embeddable":true,"href":"https:\/\/contraluzcucuta.co\/index.php?rest_route=%2Fwp%2Fv2%2Fcomments&post=38014"}],"version-history":[{"count":1,"href":"https:\/\/contraluzcucuta.co\/index.php?rest_route=\/wp\/v2\/posts\/38014\/revisions"}],"predecessor-version":[{"id":38018,"href":"https:\/\/contraluzcucuta.co\/index.php?rest_route=\/wp\/v2\/posts\/38014\/revisions\/38018"}],"wp:featuredmedia":[{"embeddable":true,"href":"https:\/\/contraluzcucuta.co\/index.php?rest_route=\/wp\/v2\/media\/38015"}],"wp:attachment":[{"href":"https:\/\/contraluzcucuta.co\/index.php?rest_route=%2Fwp%2Fv2%2Fmedia&parent=38014"}],"wp:term":[{"taxonomy":"category","embeddable":true,"href":"https:\/\/contraluzcucuta.co\/index.php?rest_route=%2Fwp%2Fv2%2Fcategories&post=38014"},{"taxonomy":"post_tag","embeddable":true,"href":"https:\/\/contraluzcucuta.co\/index.php?rest_route=%2Fwp%2Fv2%2Ftags&post=38014"}],"curies":[{"name":"wp","href":"https:\/\/api.w.org\/{rel}","templated":true}]}}