{"id":38008,"date":"2022-07-22T10:22:38","date_gmt":"2022-07-22T15:22:38","guid":{"rendered":"http:\/\/contraluzcucuta.co\/?p=38008"},"modified":"2022-07-22T10:23:43","modified_gmt":"2022-07-22T15:23:43","slug":"interligas-de-patinaje-el-sabor-vallenato-se-tomo-el-patinodromo","status":"publish","type":"post","link":"https:\/\/contraluzcucuta.co\/?p=38008","title":{"rendered":"INTERLIGAS DE PATINAJE. El sabor vallenato se tom\u00f3 el patinadero de ruta\u00a0\u00a0"},"content":{"rendered":"<p style=\"padding-left: 40px; text-align: right;\"><strong><span style=\"color: #ff9900;\">C\u00daCUTA.- Los acordeones y el vallenato se tomaron al patinadero Te\u00f3dulo G\u00e9lvez, de C\u00facuta, en las \u00faltimas jornadas del Interligas de Patinaje 2002. Los deportistas del Cesar consiguieran por primera vez una medalla de oro, alegr\u00eda que lleg\u00f3 por partida triple, al ser sus patinadores, los grandes dominadores de la prueba 100 metros carriles.<\/span><\/strong><\/p>\n<p>Este hecho hist\u00f3rico se vivi\u00f3 durante la quinta jornada del Campeonato Nacional Interligas 2020 Norte de Santander \u201cM\u00e1s oportunidades para todos\u201d, certamen que tuvo el inicio de las pruebas de circuito.<\/p>\n<p>La primera gran alegr\u00eda de los cesarenses lleg\u00f3 con el prejuvenil Wilcar Aguilar quien fue el encargado de poner las primeras notas llegadas desde el propio r\u00edo Guatapur\u00ed.<\/p>\n<p>Minutos despu\u00e9s, la juvenil Luciana Salas se encarg\u00f3 de continuar con el\u00a0repertorio vallenato, dejando en la l\u00ednea de sentencia un \u00faltimo esfuerzo de tan solo 40 mil\u00e9simas de segundo para superar a su rival de turno, Loraine Barros de Atl\u00e1ntico.<\/p>\n<p>Esas mismas 40 mil\u00e9simas de segundo fueron las utilizadas por Aramis Campo para superar a Alejandro Tabares de Bol\u00edvar y poner la nota m\u00e1s alta en la disputa de la medalla de oro de los 100 metros carriles mayores varones.<\/p>\n<figure id=\"attachment_38010\" aria-describedby=\"caption-attachment-38010\" style=\"width: 300px\" class=\"wp-caption alignleft\"><a href=\"https:\/\/contraluzcucuta.co\/wp-content\/uploads\/2022\/07\/PATINADERO-ENRIQUE-LARA-16.jpg\"><img loading=\"lazy\" decoding=\"async\" class=\"size-medium wp-image-38010\" src=\"https:\/\/contraluzcucuta.co\/wp-content\/uploads\/2022\/07\/PATINADERO-ENRIQUE-LARA-16-300x191.jpg\" alt=\"\" width=\"300\" height=\"191\" srcset=\"https:\/\/contraluzcucuta.co\/wp-content\/uploads\/2022\/07\/PATINADERO-ENRIQUE-LARA-16-300x191.jpg 300w, https:\/\/contraluzcucuta.co\/wp-content\/uploads\/2022\/07\/PATINADERO-ENRIQUE-LARA-16-600x383.jpg 600w, https:\/\/contraluzcucuta.co\/wp-content\/uploads\/2022\/07\/PATINADERO-ENRIQUE-LARA-16-1024x654.jpg 1024w, https:\/\/contraluzcucuta.co\/wp-content\/uploads\/2022\/07\/PATINADERO-ENRIQUE-LARA-16-768x490.jpg 768w, https:\/\/contraluzcucuta.co\/wp-content\/uploads\/2022\/07\/PATINADERO-ENRIQUE-LARA-16.jpg 1280w\" sizes=\"auto, (max-width: 300px) 100vw, 300px\" \/><\/a><figcaption id=\"caption-attachment-38010\" class=\"wp-caption-text\"><em>El esfuerzo de los deportistas se ve recompensad con la entrega de las medallas que llevan a casa.<\/em><\/figcaption><\/figure>\n<p>Otro de los hechos destacados de la jornada se vivi\u00f3 con el triunfo de Mar\u00eda Jos\u00e9 Quiroz de Boyac\u00e1, que en su regreso a las competencias oficiales, consigui\u00f3 su primera medalla de oro en la categor\u00eda mayores de un interligas. La victoria de Quiroz en los 10.000 metros puntos, fue m\u00e1s sobresaliente por la calidad de contendientes que ten\u00eda al frente, un buen n\u00famero de campeonas mundiales como Fabriana Arias, Gabriela Rueda, Luz Karime Garz\u00f3n, Allison Dahiana Correa y Jhoana Viveros a la postre\u00a0medalla de plata, y la subcampeona del mundo Laura G\u00f3mez quien se qued\u00f3 con el bronce.<\/p>\n<p>Tambi\u00e9n se debe destacar el duelo cerrado que en esta jornada protagonizaron los patinadores de Bogot\u00e1 y del Valle del Cauca por el primer lugar del medallero general. Las dos delegaciones sumaron de a tres medallas de oro, situaci\u00f3n que le permiti\u00f3 a los de la capital de la Rep\u00fablica continuar al comando del Interligas.<\/p>\n","protected":false},"excerpt":{"rendered":"<p>C\u00daCUTA.- Los acordeones y el vallenato se tomaron al patinadero Te\u00f3dulo G\u00e9lvez, de C\u00facuta, en las \u00faltimas jornadas del Interligas de Patinaje 2002. Los deportistas del Cesar consiguieran por primera vez una medalla de oro, alegr\u00eda que lleg\u00f3 por partida triple, al ser sus patinadores, los grandes dominadores de la prueba 100 metros carriles. Este &hellip;<\/p>\n","protected":false},"author":1,"featured_media":38009,"comment_status":"open","ping_status":"open","sticky":false,"template":"","format":"standard","meta":{"footnotes":""},"categories":[4,28],"tags":[5447,5446,2219],"class_list":["post-38008","post","type-post","status-publish","format-standard","has-post-thumbnail","hentry","category-barra","category-vistazo-deportivo","tag-fedepatin","tag-interligas-de-patinaje","tag-patinaderos-enrique-lara-y-teodulo-gelvez"],"_links":{"self":[{"href":"https:\/\/contraluzcucuta.co\/index.php?rest_route=\/wp\/v2\/posts\/38008","targetHints":{"allow":["GET"]}}],"collection":[{"href":"https:\/\/contraluzcucuta.co\/index.php?rest_route=\/wp\/v2\/posts"}],"about":[{"href":"https:\/\/contraluzcucuta.co\/index.php?rest_route=\/wp\/v2\/types\/post"}],"author":[{"embeddable":true,"href":"https:\/\/contraluzcucuta.co\/index.php?rest_route=\/wp\/v2\/users\/1"}],"replies":[{"embeddable":true,"href":"https:\/\/contraluzcucuta.co\/index.php?rest_route=%2Fwp%2Fv2%2Fcomments&post=38008"}],"version-history":[{"count":3,"href":"https:\/\/contraluzcucuta.co\/index.php?rest_route=\/wp\/v2\/posts\/38008\/revisions"}],"predecessor-version":[{"id":38013,"href":"https:\/\/contraluzcucuta.co\/index.php?rest_route=\/wp\/v2\/posts\/38008\/revisions\/38013"}],"wp:featuredmedia":[{"embeddable":true,"href":"https:\/\/contraluzcucuta.co\/index.php?rest_route=\/wp\/v2\/media\/38009"}],"wp:attachment":[{"href":"https:\/\/contraluzcucuta.co\/index.php?rest_route=%2Fwp%2Fv2%2Fmedia&parent=38008"}],"wp:term":[{"taxonomy":"category","embeddable":true,"href":"https:\/\/contraluzcucuta.co\/index.php?rest_route=%2Fwp%2Fv2%2Fcategories&post=38008"},{"taxonomy":"post_tag","embeddable":true,"href":"https:\/\/contraluzcucuta.co\/index.php?rest_route=%2Fwp%2Fv2%2Ftags&post=38008"}],"curies":[{"name":"wp","href":"https:\/\/api.w.org\/{rel}","templated":true}]}}