{"id":37956,"date":"2022-07-10T12:01:11","date_gmt":"2022-07-10T17:01:11","guid":{"rendered":"http:\/\/contraluzcucuta.co\/?p=37956"},"modified":"2022-07-10T12:01:11","modified_gmt":"2022-07-10T17:01:11","slug":"ufps-60-anos-en-la-construccion-del-patrimonio-educativo-de-los-nortesantandereanos","status":"publish","type":"post","link":"https:\/\/contraluzcucuta.co\/?p=37956","title":{"rendered":"UFPS. 60 a\u00f1os en la construcci\u00f3n del patrimonio educativo de los nortesantandereanos"},"content":{"rendered":"<p style=\"padding-left: 40px; text-align: right;\"><strong><span style=\"color: #ff9900;\">C\u00daCUTA.- Hace 60 a\u00f1os, la creaci\u00f3n de la Universidad Francisco de Paula Santander fue un hecho significativo para C\u00facuta, la regi\u00f3n y el pa\u00eds. El 5 de julio de 1962, se erigieron los cimientos de la casa de estudios, con el prop\u00f3sito de elevar el nivel cultural de la juventud nortesantandereana y ofrecer a los j\u00f3venes bachilleres una instituci\u00f3n para la formaci\u00f3n profesional.<\/span><\/strong><\/p>\n<p>En aquel entonces, las escuelas de Econom\u00eda, Topograf\u00eda y Dibujo, pioneras en la oferta acad\u00e9mica, iniciaron labores en la primera sede, ubicada en la zona c\u00e9ntrica de la ciudad. Posteriormente, en 1970, se declar\u00f3 a la UFPS universidad oficial del departamento.<\/p>\n<p>Hoy, al revisar el camino recorrido, se ven con orgullo los logros y el tes\u00f3n de los fundadores. El reconocimiento sincero para aquellas personas e instituciones que han contribuido significativamente al crecimiento y la consolidaci\u00f3n de la UFPS, en la b\u00fasqueda permanente de la calidad, con una mirada de regi\u00f3n y de pa\u00eds, abierta e incluyente, que la configuran como patrimonio educativo de los nortesantandereanos.<\/p>\n<p><a href=\"https:\/\/contraluzcucuta.co\/wp-content\/uploads\/2022\/07\/UFPS-3.jpg\"><img loading=\"lazy\" decoding=\"async\" class=\"alignnone size-medium wp-image-37958 alignleft\" src=\"https:\/\/contraluzcucuta.co\/wp-content\/uploads\/2022\/07\/UFPS-3-300x200.jpg\" alt=\"\" width=\"300\" height=\"200\" srcset=\"https:\/\/contraluzcucuta.co\/wp-content\/uploads\/2022\/07\/UFPS-3-300x200.jpg 300w, https:\/\/contraluzcucuta.co\/wp-content\/uploads\/2022\/07\/UFPS-3-600x401.jpg 600w, https:\/\/contraluzcucuta.co\/wp-content\/uploads\/2022\/07\/UFPS-3-768x513.jpg 768w, https:\/\/contraluzcucuta.co\/wp-content\/uploads\/2022\/07\/UFPS-3.jpg 898w\" sizes=\"auto, (max-width: 300px) 100vw, 300px\" \/><\/a><\/p>\n<p>Este aniversario 60 se cumple en medio de dos expectativas que marcan el futuro de la Universidad:<\/p>\n<p>1.- Est\u00e1 a un paso de recibir la acreditaci\u00f3n institucional de alta calidad, como resultado del esfuerzo y los compromisos de los miembros de la comunidad acad\u00e9mica.<\/p>\n<p>2.- Se cuenta con una instituci\u00f3n ampliamente comprometida con el entorno, pertinente con sus programas, moderna en su infraestructura y m\u00e9todos, adem\u00e1s de alta capacidad para afrontar retos exigentes en el porvenir.<\/p>\n<p>La fuerza, la dedicaci\u00f3n, el compromiso y la creatividad de los integrantes de la familia universitaria han sido los insumos fundamentales para construir y crecer como la universidad que se tiene y de la que todos son parte. Una instituci\u00f3n en donde se comparte un destino com\u00fan de formar, forjar, investigar e innovar, y con la que se escribir\u00e1 la historia de la educaci\u00f3n superior de los nortesantandereanos.<\/p>\n","protected":false},"excerpt":{"rendered":"<p>C\u00daCUTA.- Hace 60 a\u00f1os, la creaci\u00f3n de la Universidad Francisco de Paula Santander fue un hecho significativo para C\u00facuta, la regi\u00f3n y el pa\u00eds. El 5 de julio de 1962, se erigieron los cimientos de la casa de estudios, con el prop\u00f3sito de elevar el nivel cultural de la juventud nortesantandereana y ofrecer a los &hellip;<\/p>\n","protected":false},"author":1,"featured_media":37957,"comment_status":"open","ping_status":"open","sticky":false,"template":"","format":"standard","meta":{"footnotes":""},"categories":[74,4],"tags":[2597,5089,229],"class_list":["post-37956","post","type-post","status-publish","format-standard","has-post-thumbnail","hentry","category-aula-universitaria","category-barra","tag-aula-universitaria","tag-educacion-cucutena","tag-ufps"],"_links":{"self":[{"href":"https:\/\/contraluzcucuta.co\/index.php?rest_route=\/wp\/v2\/posts\/37956","targetHints":{"allow":["GET"]}}],"collection":[{"href":"https:\/\/contraluzcucuta.co\/index.php?rest_route=\/wp\/v2\/posts"}],"about":[{"href":"https:\/\/contraluzcucuta.co\/index.php?rest_route=\/wp\/v2\/types\/post"}],"author":[{"embeddable":true,"href":"https:\/\/contraluzcucuta.co\/index.php?rest_route=\/wp\/v2\/users\/1"}],"replies":[{"embeddable":true,"href":"https:\/\/contraluzcucuta.co\/index.php?rest_route=%2Fwp%2Fv2%2Fcomments&post=37956"}],"version-history":[{"count":1,"href":"https:\/\/contraluzcucuta.co\/index.php?rest_route=\/wp\/v2\/posts\/37956\/revisions"}],"predecessor-version":[{"id":37959,"href":"https:\/\/contraluzcucuta.co\/index.php?rest_route=\/wp\/v2\/posts\/37956\/revisions\/37959"}],"wp:featuredmedia":[{"embeddable":true,"href":"https:\/\/contraluzcucuta.co\/index.php?rest_route=\/wp\/v2\/media\/37957"}],"wp:attachment":[{"href":"https:\/\/contraluzcucuta.co\/index.php?rest_route=%2Fwp%2Fv2%2Fmedia&parent=37956"}],"wp:term":[{"taxonomy":"category","embeddable":true,"href":"https:\/\/contraluzcucuta.co\/index.php?rest_route=%2Fwp%2Fv2%2Fcategories&post=37956"},{"taxonomy":"post_tag","embeddable":true,"href":"https:\/\/contraluzcucuta.co\/index.php?rest_route=%2Fwp%2Fv2%2Ftags&post=37956"}],"curies":[{"name":"wp","href":"https:\/\/api.w.org\/{rel}","templated":true}]}}