{"id":37921,"date":"2022-06-29T07:20:44","date_gmt":"2022-06-29T12:20:44","guid":{"rendered":"http:\/\/contraluzcucuta.co\/?p=37921"},"modified":"2022-06-29T07:20:44","modified_gmt":"2022-06-29T12:20:44","slug":"necrologia-mi-mayor-defecto-es-la-lengua-juan-carlos-calderon","status":"publish","type":"post","link":"https:\/\/contraluzcucuta.co\/?p=37921","title":{"rendered":"NECROLOG\u00cdA. Mi mayor defecto es la lengua: Juan Carlos Calder\u00f3n"},"content":{"rendered":"<p style=\"padding-left: 40px; text-align: right;\"><strong><span style=\"color: #ff9900;\"><em>Nota escrita por Karen Duque, entonces estudiante de Comunicaci\u00f3n Social en la Universidad de Pamplona (C\u00facuta), y publicada en la revista <a style=\"color: #ff9900;\" href=\"http:\/\/www.contraluzcucuta.co\">www.contraluzcucuta.co<\/a> el 22 de marzo de 2019.<\/em><\/span><\/strong><\/p>\n<p><strong>C\u00daCUTA.-<\/strong> Naci\u00f3 en C\u00facuta, el 5 de agosto de 1960; estudi\u00f3 la primaria en el colegio Sagrado Coraz\u00f3n de Jes\u00fas y termin\u00f3 el bachillerato en el San Juan de la Cruz. Creci\u00f3 en una familia conformada por sus padres y dos hermanas. Toda la vida quiso ser sacerdote y combina el ejercicio religioso con el magisterio. Ese es Juan Carlos Calder\u00f3n.<\/p>\n<p>Fue maestro en la escuela donde estudi\u00f3 la primaria y del colegio Santo Tom\u00e1s de Aquino, en Bogot\u00e1; fund\u00f3 el plantel Mar\u00eda Reina, hace 30 a\u00f1os, cuando empez\u00f3 con 70 adultos. Asumi\u00f3 la rector\u00eda de una instituci\u00f3n que contaba con 5 sedes, atend\u00eda a 3500 alumnos, dirig\u00eda a 120 maestros y 6 coordinadores, y atend\u00eda 2 comedores infantiles.<\/p>\n<p>En la educaci\u00f3n form\u00f3 maestros de colegios p\u00fablicos como agentes de pastoral que animan la religi\u00f3n, la \u00e9tica y los valores. En alg\u00fan momento fue nombrado delegado de pastoral educativo.<\/p>\n<p>Como ministro de matrimonios llev\u00f3 muchas parejas en uni\u00f3n libre al altar y cas\u00f3 a m\u00e1s de 2000 parejas de diferentes edades. Fue promotor vocacional, orient\u00f3 a ni\u00f1os ac\u00f3litos, j\u00f3venes y catequistas que llegaron a ser sacerdotes. Durante 37 a\u00f1os de entrega religiosa, hizo que ni\u00f1os y j\u00f3venes se enamoraran del sacerdocio para seguir ese camino en el futuro.<\/p>\n<p>Nunca pens\u00f3 en abandonar el proyecto que eligi\u00f3 para la vida. Trabaj\u00f3 como vicario judicial y durante 25 a\u00f1os tuvo a cargo los procesos de nulidad matrimonial en el Tribunal Regional Diocesano. El trabajo consist\u00eda en anular un matrimonio para legalizar la uni\u00f3n con la otra pareja.<\/p>\n<p>Ayud\u00f3 a la Di\u00f3cesis a adquirir el colegio Seminario Menor para lo que aprovech\u00f3 la amistad con las hermanas del Buen Pastor. Una de las monjas decidi\u00f3 vender parte del convento y se convirti\u00f3 en la instituci\u00f3n, ubicada en el barrio Quinta Oriental.<\/p>\n<p>Siempre colabor\u00f3 con la educaci\u00f3n. El colegio de Sardinata lo regentaban las hermanas del Cardenal Sancha, pero tuvieron problemas para continuar al frente. Juan Carlos Calder\u00f3n decidi\u00f3 negociar el establecimiento con poca plata. Ahora, est\u00e1 arrendado al departamento y es una ayuda para la di\u00f3cesis.<\/p>\n<p>Construy\u00f3 los templos de Mar\u00eda Reina (Motilones), Divino Ni\u00f1o y San Juan de la Cruz (Trapiches); remodel\u00f3 el templo de La Candelaria y del Esp\u00edritu Santo; hizo la capilla de Jes\u00fas de Nazaret (Campo Verde); apoy\u00f3 la construcci\u00f3n de la iglesia de San Ignacio de Loyola (Vista Hermosa).<\/p>\n<p>&nbsp;<\/p>\n<p>Los 37 a\u00f1os de sacerdocio los reparti\u00f3 de la siguiente manera: siete a\u00f1os y tres meses en Mar\u00eda Reina; tres a\u00f1os en La Candelaria; tres a\u00f1os en Roma; ocho a\u00f1os y cuatro meses en el Divino Ni\u00f1o; ocho a\u00f1os y medio en el Esp\u00edritu Santo, y tres a\u00f1os en la Catedral de San Jos\u00e9. Se orden\u00f3 el primero de diciembre de 1984.<\/p>\n<p>\u201cAmo a los hombres y por eso estoy tan bien, y todo lo que he hecho en las parroquias es hacer que la gente los ame\u201d, dijo el padre Juan Carlos Calder\u00f3n.<\/p>\n<p>El trabajo religioso lo complement\u00f3 con campa\u00f1as para recolectar mercados y ropa para los ni\u00f1os. No cre\u00eda en la diferencia entre el rico y el pobre y no le era dif\u00edcil compartir con una clase o con la otra. El mayor defecto es la lengua, no le come a nadie y es directo con la gente.<\/p>\n<p>Se consideraba estricto y serio ante los ojos de los dem\u00e1s. Era r\u00edgido, aunque generoso. Compart\u00eda la mayor\u00eda del tiempo con los fieles, atend\u00eda y escuchaba a los ni\u00f1os y a los maestros. Pasaba los fines de semana con las hermanas, con quienes viv\u00eda en la misma casa. El primer piso lo ocupan la hermana menor, el esposo y los tres hijos. En la segunda planta, est\u00e1n la hermana mayor, jefa de enfermer\u00eda, el esposo y tres ni\u00f1as lindas.<\/p>\n<p>El hecho m\u00e1s doloroso en su vida fue la muerte de su madre. Las l\u00e1grimas rodaron por las mejillas en se\u00f1al del dolor que a\u00fan le causa el recordarla. Su mayor deseo era seguir al servicio de los pobres y ayudar a quien lo necesitara.<\/p>\n<p>Entre los planes ten\u00eda dejarles vivienda a quienes les sirvieron a lo largo de su vida. Le tem\u00eda a perder la vida a manos de aquellos que le han tenido envidia.<\/p>\n<ul>\n<li><em>Juan Carlos Calder\u00f3n muri\u00f3 este 29 de junio, muy temprano en la ma\u00f1ana. Estaba en Bogot\u00e1, en una cl\u00ednica para recibir tratamiento m\u00e9dico. La noticia del deceso la entreg\u00f3 Humberto Quiroz, amigo y condisc\u00edpulo del colegio San Juan de la Cruz. Paz en la tumba, Padre. <\/em><\/li>\n<\/ul>\n<p><strong>KAREN DUQUE<\/strong><\/p>\n","protected":false},"excerpt":{"rendered":"<p>Nota escrita por Karen Duque, entonces estudiante de Comunicaci\u00f3n Social en la Universidad de Pamplona (C\u00facuta), y publicada en la revista www.contraluzcucuta.co el 22 de marzo de 2019. C\u00daCUTA.- Naci\u00f3 en C\u00facuta, el 5 de agosto de 1960; estudi\u00f3 la primaria en el colegio Sagrado Coraz\u00f3n de Jes\u00fas y termin\u00f3 el bachillerato en el San &hellip;<\/p>\n","protected":false},"author":1,"featured_media":37922,"comment_status":"open","ping_status":"open","sticky":false,"template":"","format":"standard","meta":{"footnotes":""},"categories":[74,4,1967],"tags":[8,798,1948],"class_list":["post-37921","post","type-post","status-publish","format-standard","has-post-thumbnail","hentry","category-aula-universitaria","category-barra","category-necrologias","tag-diocesis-de-cucuta","tag-juan-carlos-calderon","tag-necrologias-cucutenas"],"_links":{"self":[{"href":"https:\/\/contraluzcucuta.co\/index.php?rest_route=\/wp\/v2\/posts\/37921","targetHints":{"allow":["GET"]}}],"collection":[{"href":"https:\/\/contraluzcucuta.co\/index.php?rest_route=\/wp\/v2\/posts"}],"about":[{"href":"https:\/\/contraluzcucuta.co\/index.php?rest_route=\/wp\/v2\/types\/post"}],"author":[{"embeddable":true,"href":"https:\/\/contraluzcucuta.co\/index.php?rest_route=\/wp\/v2\/users\/1"}],"replies":[{"embeddable":true,"href":"https:\/\/contraluzcucuta.co\/index.php?rest_route=%2Fwp%2Fv2%2Fcomments&post=37921"}],"version-history":[{"count":1,"href":"https:\/\/contraluzcucuta.co\/index.php?rest_route=\/wp\/v2\/posts\/37921\/revisions"}],"predecessor-version":[{"id":37923,"href":"https:\/\/contraluzcucuta.co\/index.php?rest_route=\/wp\/v2\/posts\/37921\/revisions\/37923"}],"wp:featuredmedia":[{"embeddable":true,"href":"https:\/\/contraluzcucuta.co\/index.php?rest_route=\/wp\/v2\/media\/37922"}],"wp:attachment":[{"href":"https:\/\/contraluzcucuta.co\/index.php?rest_route=%2Fwp%2Fv2%2Fmedia&parent=37921"}],"wp:term":[{"taxonomy":"category","embeddable":true,"href":"https:\/\/contraluzcucuta.co\/index.php?rest_route=%2Fwp%2Fv2%2Fcategories&post=37921"},{"taxonomy":"post_tag","embeddable":true,"href":"https:\/\/contraluzcucuta.co\/index.php?rest_route=%2Fwp%2Fv2%2Ftags&post=37921"}],"curies":[{"name":"wp","href":"https:\/\/api.w.org\/{rel}","templated":true}]}}