{"id":37916,"date":"2022-06-14T18:03:00","date_gmt":"2022-06-14T23:03:00","guid":{"rendered":"http:\/\/contraluzcucuta.co\/?p=37916"},"modified":"2022-06-14T18:03:00","modified_gmt":"2022-06-14T23:03:00","slug":"premio-la-bagatela-ampliado-plazo-para-entrega-de-trabajos","status":"publish","type":"post","link":"https:\/\/contraluzcucuta.co\/?p=37916","title":{"rendered":"PREMIO LA BAGATELA. Ampliado plazo para entrega de trabajos"},"content":{"rendered":"<p style=\"padding-left: 40px; text-align: right;\"><strong><span style=\"color: #ff9900;\">C\u00daCUTA.- Hasta el 30 de junio, se ampli\u00f3 la convocatoria para los Premios de Periodismo La Bagatela. La intenci\u00f3n es darles la oportunidad a los periodistas de enviar la documentaci\u00f3n para oficializar la participaci\u00f3n.<\/span><\/strong><\/p>\n<p>La junta directiva del Premio acord\u00f3 llevar a cabo la actividad acad\u00e9mica, el 4 de agosto, en la Casa La Bagatela (Villa del Rosario), con el conversatorio sobre el periodismo en la vida del pr\u00f3cer Antonio Nari\u00f1o, como homenaje a su memoria y a su trabajo en el primer peri\u00f3dico pol\u00edtico del pa\u00eds. En la tarde se har\u00e1 el reconocimiento a los ganadores. La ceremonia se efectuar\u00e1 en la Biblioteca P\u00fablica Julio P\u00e9rez Ferrero.<\/p>\n<p>La primera convocatoria se hizo en 2016 y continu\u00f3 de manera ininterrumpida hasta el 2020, cuando debido a la pandemia se aplaz\u00f3 hasta 2021.<\/p>\n<p>El objetivo de los reconocimientos es fomentar el periodismo investigativo con rigor profesional y el nivel de \u00e9tica requerido, presentado en historias documentadas en un medio de comunicaci\u00f3n, con el fin de contribuir al desarrollo de una sociedad justa y equitativa.<\/p>\n<figure id=\"attachment_37918\" aria-describedby=\"caption-attachment-37918\" style=\"width: 300px\" class=\"wp-caption alignleft\"><a href=\"https:\/\/contraluzcucuta.co\/wp-content\/uploads\/2022\/06\/PREMIO-LA-BAGATELA-3.png\"><img loading=\"lazy\" decoding=\"async\" class=\"size-medium wp-image-37918\" src=\"https:\/\/contraluzcucuta.co\/wp-content\/uploads\/2022\/06\/PREMIO-LA-BAGATELA-3-300x197.png\" alt=\"\" width=\"300\" height=\"197\" srcset=\"https:\/\/contraluzcucuta.co\/wp-content\/uploads\/2022\/06\/PREMIO-LA-BAGATELA-3-300x197.png 300w, https:\/\/contraluzcucuta.co\/wp-content\/uploads\/2022\/06\/PREMIO-LA-BAGATELA-3-310x205.png 310w, https:\/\/contraluzcucuta.co\/wp-content\/uploads\/2022\/06\/PREMIO-LA-BAGATELA-3.png 600w\" sizes=\"auto, (max-width: 300px) 100vw, 300px\" \/><\/a><figcaption id=\"caption-attachment-37918\" class=\"wp-caption-text\"><em>Foto: PRENSA CPC<\/em><\/figcaption><\/figure>\n<p><strong>Categor\u00edas<\/strong><\/p>\n<p>Hay ocho categor\u00edas para quienes quieran participar en la convocatoria:<\/p>\n<p>Prensa, Radio, Televisi\u00f3n, Medios Digitales, Fotograf\u00eda, Caricatura, Cine Documental y Tesis Universitaria.<\/p>\n<p><strong>Requisitos<\/strong><\/p>\n<p>Pueden participar en una de las ocho categor\u00edas:<\/p>\n<ul>\n<li>Periodistas que hayan publicado el trabajo entre el 5 de agosto de 2021 y el 30 de junio de 2022.<\/li>\n<li>No pertenecer a las juntas directivas del C\u00edrculo de Periodistas y Comunicadores de Norte de Santander (CPC) o la Fundaci\u00f3n Premio Nacional de Periodismo La Bagatela.<\/li>\n<li>La inscripci\u00f3n ser\u00e1 hasta el 30 de junio.<\/li>\n<\/ul>\n<p>Los siguientes son los documentos solicitados:<\/p>\n<ol>\n<li>Carta de presentaci\u00f3n con el nombre del autor o los autores y seud\u00f3nimo.<\/li>\n<li>Copia de la c\u00e9dula de ciudadan\u00eda del autor o los autores.<\/li>\n<li>Direcci\u00f3n del lugar de residencia y n\u00famero de tel\u00e9fono fijo o celular.<\/li>\n<li>Direcci\u00f3n del lugar donde trabaja o estudia.<\/li>\n<li>T\u00edtulo del trabajo y breve resumen.<\/li>\n<li>Fecha en la que fue publicado y medio que lo public\u00f3.<\/li>\n<li>Hoja de vida resumida.<\/li>\n<li>Formulario de inscripci\u00f3n.<\/li>\n<\/ol>\n","protected":false},"excerpt":{"rendered":"<p>C\u00daCUTA.- Hasta el 30 de junio, se ampli\u00f3 la convocatoria para los Premios de Periodismo La Bagatela. La intenci\u00f3n es darles la oportunidad a los periodistas de enviar la documentaci\u00f3n para oficializar la participaci\u00f3n. La junta directiva del Premio acord\u00f3 llevar a cabo la actividad acad\u00e9mica, el 4 de agosto, en la Casa La Bagatela &hellip;<\/p>\n","protected":false},"author":1,"featured_media":37917,"comment_status":"open","ping_status":"open","sticky":false,"template":"","format":"standard","meta":{"footnotes":""},"categories":[4,37],"tags":[1132,3116],"class_list":["post-37916","post","type-post","status-publish","format-standard","has-post-thumbnail","hentry","category-barra","category-paseo-cultural","tag-circulo-de-periodistas-de-norte-de-santander","tag-premio-la-bagatela"],"_links":{"self":[{"href":"https:\/\/contraluzcucuta.co\/index.php?rest_route=\/wp\/v2\/posts\/37916","targetHints":{"allow":["GET"]}}],"collection":[{"href":"https:\/\/contraluzcucuta.co\/index.php?rest_route=\/wp\/v2\/posts"}],"about":[{"href":"https:\/\/contraluzcucuta.co\/index.php?rest_route=\/wp\/v2\/types\/post"}],"author":[{"embeddable":true,"href":"https:\/\/contraluzcucuta.co\/index.php?rest_route=\/wp\/v2\/users\/1"}],"replies":[{"embeddable":true,"href":"https:\/\/contraluzcucuta.co\/index.php?rest_route=%2Fwp%2Fv2%2Fcomments&post=37916"}],"version-history":[{"count":1,"href":"https:\/\/contraluzcucuta.co\/index.php?rest_route=\/wp\/v2\/posts\/37916\/revisions"}],"predecessor-version":[{"id":37919,"href":"https:\/\/contraluzcucuta.co\/index.php?rest_route=\/wp\/v2\/posts\/37916\/revisions\/37919"}],"wp:featuredmedia":[{"embeddable":true,"href":"https:\/\/contraluzcucuta.co\/index.php?rest_route=\/wp\/v2\/media\/37917"}],"wp:attachment":[{"href":"https:\/\/contraluzcucuta.co\/index.php?rest_route=%2Fwp%2Fv2%2Fmedia&parent=37916"}],"wp:term":[{"taxonomy":"category","embeddable":true,"href":"https:\/\/contraluzcucuta.co\/index.php?rest_route=%2Fwp%2Fv2%2Fcategories&post=37916"},{"taxonomy":"post_tag","embeddable":true,"href":"https:\/\/contraluzcucuta.co\/index.php?rest_route=%2Fwp%2Fv2%2Ftags&post=37916"}],"curies":[{"name":"wp","href":"https:\/\/api.w.org\/{rel}","templated":true}]}}