{"id":37891,"date":"2022-05-27T18:15:39","date_gmt":"2022-05-27T23:15:39","guid":{"rendered":"http:\/\/contraluzcucuta.co\/?p=37891"},"modified":"2022-05-27T18:15:39","modified_gmt":"2022-05-27T23:15:39","slug":"elecciones-presidenciales-onu-confia-en-un-ambiente-de-respeto-y-libre-de-violencia","status":"publish","type":"post","link":"https:\/\/contraluzcucuta.co\/?p=37891","title":{"rendered":"ELECCIONES PRESIDENCIALES. ONU conf\u00eda en un ambiente de respeto y libre de violencia"},"content":{"rendered":"<p style=\"padding-left: 40px; text-align: right;\"><strong><span style=\"color: #ff9900;\">BOGOT\u00c1.- La Organizaci\u00f3n de las Naciones Unidas en Colombia conf\u00eda en\u00a0que la jornada electoral del domingo se desarrollar\u00e1 de forma participativa e incluyente, en un ambiente de respeto y libre de violencia.<\/span><\/strong><\/p>\n<p>La ONU valora la tradici\u00f3n democr\u00e1tica del pa\u00eds y su solidez institucional, incluyendo la del sistema electoral. Conf\u00eda en que estas ser\u00e1n unas elecciones presidenciales en las que se garanticen:<\/p>\n<ul>\n<li>Los derechos pol\u00edticos de la ciudadan\u00eda y de sus representantes<\/li>\n<li>Los principios de transparencia<\/li>\n<li>La rendici\u00f3n de cuentas<\/li>\n<li>El Estado de Derecho.<\/li>\n<\/ul>\n","protected":false},"excerpt":{"rendered":"<p>BOGOT\u00c1.- La Organizaci\u00f3n de las Naciones Unidas en Colombia conf\u00eda en\u00a0que la jornada electoral del domingo se desarrollar\u00e1 de forma participativa e incluyente, en un ambiente de respeto y libre de violencia. La ONU valora la tradici\u00f3n democr\u00e1tica del pa\u00eds y su solidez institucional, incluyendo la del sistema electoral. Conf\u00eda en que estas ser\u00e1n unas &hellip;<\/p>\n","protected":false},"author":1,"featured_media":37892,"comment_status":"open","ping_status":"open","sticky":false,"template":"","format":"standard","meta":{"footnotes":""},"categories":[4,9],"tags":[4169,3549],"class_list":["post-37891","post","type-post","status-publish","format-standard","has-post-thumbnail","hentry","category-barra","category-politica","tag-elecciones-presidenciales","tag-onu"],"_links":{"self":[{"href":"https:\/\/contraluzcucuta.co\/index.php?rest_route=\/wp\/v2\/posts\/37891","targetHints":{"allow":["GET"]}}],"collection":[{"href":"https:\/\/contraluzcucuta.co\/index.php?rest_route=\/wp\/v2\/posts"}],"about":[{"href":"https:\/\/contraluzcucuta.co\/index.php?rest_route=\/wp\/v2\/types\/post"}],"author":[{"embeddable":true,"href":"https:\/\/contraluzcucuta.co\/index.php?rest_route=\/wp\/v2\/users\/1"}],"replies":[{"embeddable":true,"href":"https:\/\/contraluzcucuta.co\/index.php?rest_route=%2Fwp%2Fv2%2Fcomments&post=37891"}],"version-history":[{"count":1,"href":"https:\/\/contraluzcucuta.co\/index.php?rest_route=\/wp\/v2\/posts\/37891\/revisions"}],"predecessor-version":[{"id":37893,"href":"https:\/\/contraluzcucuta.co\/index.php?rest_route=\/wp\/v2\/posts\/37891\/revisions\/37893"}],"wp:featuredmedia":[{"embeddable":true,"href":"https:\/\/contraluzcucuta.co\/index.php?rest_route=\/wp\/v2\/media\/37892"}],"wp:attachment":[{"href":"https:\/\/contraluzcucuta.co\/index.php?rest_route=%2Fwp%2Fv2%2Fmedia&parent=37891"}],"wp:term":[{"taxonomy":"category","embeddable":true,"href":"https:\/\/contraluzcucuta.co\/index.php?rest_route=%2Fwp%2Fv2%2Fcategories&post=37891"},{"taxonomy":"post_tag","embeddable":true,"href":"https:\/\/contraluzcucuta.co\/index.php?rest_route=%2Fwp%2Fv2%2Ftags&post=37891"}],"curies":[{"name":"wp","href":"https:\/\/api.w.org\/{rel}","templated":true}]}}